{"id":955,"date":"2016-10-31T11:53:37","date_gmt":"2016-10-31T10:53:37","guid":{"rendered":"https:\/\/acb-athletisme.fr\/?p=955"},"modified":"2016-10-31T11:53:37","modified_gmt":"2016-10-31T10:53:37","slug":"derniere-ligne-droite-foulees-de-beauchamp-2016","status":"publish","type":"post","link":"https:\/\/acb-athletisme.fr\/?p=955","title":{"rendered":"Derni\u00e8re ligne droite avant les Foul\u00e9es de Beauchamp 2016"},"content":{"rendered":"<p><strong><span style=\"text-decoration: underline;\">Les Foul\u00e9es de Beauchamp 2016\u00a0 \u00a0 \u00a0 \u00a0 \u00a0 \u00a0 \u00a0 \u00a0 \u00a0 \u00a0 \u00a0 \u00a0 \u00a0 \u00a0 \u00a0 \u00a0 \u00a0 \u00a0 \u00a0 \u00a0 \u00a0 \u00a0 \u00a0 \u00a0\u00a0<a href=\"https:\/\/acb-athletisme.fr\/wp-content\/uploads\/2015\/11\/big_artfichier_330629_3236007_201312210432253.png\"><img loading=\"lazy\" decoding=\"async\" class=\"alignnone wp-image-183\" src=\"https:\/\/acb-athletisme.fr\/wp-content\/uploads\/2015\/11\/big_artfichier_330629_3236007_201312210432253.png\" alt=\"big_artfichier_330629_3236007_201312210432253\" width=\"92\" height=\"93\" srcset=\"https:\/\/acb-athletisme.fr\/wp-content\/uploads\/2015\/11\/big_artfichier_330629_3236007_201312210432253.png 211w, https:\/\/acb-athletisme.fr\/wp-content\/uploads\/2015\/11\/big_artfichier_330629_3236007_201312210432253-150x150.png 150w\" sizes=\"auto, (max-width: 92px) 100vw, 92px\" \/><\/a><\/span><\/strong><\/p>\n<p style=\"text-align: justify;\">La course organis\u00e9e par l&rsquo;ACB rencontre toujours un grand succ\u00e8s. Les inscriptions sont closes depuis plusieurs jours d\u00e9j\u00e0, le nombre maximum de 400 coureurs \u00e9tant atteint.<\/p>\n<p style=\"text-align: justify;\">Cette ann\u00e9e, pour la premi\u00e8re fois, les inscriptions \u00e9taient ouvertes sur Internet : Site de <strong><a href=\"https:\/\/www.topchrono.biz\/\" target=\"_blank\">TOP CHRONO<\/a> <\/strong><\/p>\n<p style=\"text-align: justify;\">Consultez la liste des inscrits en <strong><a href=\"https:\/\/acb-athletisme.fr\/wp-content\/uploads\/2016\/10\/Les-Foul\u00e9es-de-Beauchamp-31-10-2016-.xls\" rel=\"\">Cliquant ICI<\/a><\/strong><\/p>\n<p style=\"text-align: justify;\"><a href=\"https:\/\/acb-athletisme.fr\/wp-content\/uploads\/2016\/10\/stats-foulees-2016.jpg\" rel=\"attachment wp-att-958\"><img loading=\"lazy\" decoding=\"async\" class=\"alignnone size-full wp-image-958\" src=\"https:\/\/acb-athletisme.fr\/wp-content\/uploads\/2016\/10\/stats-foulees-2016.jpg\" alt=\"stats foulees 2016\" width=\"537\" height=\"463\" \/><\/a><\/p>\n<p>&nbsp;<\/p>\n<p style=\"text-align: center;\">\n","protected":false},"excerpt":{"rendered":"<p>Les Foul\u00e9es de Beauchamp 2016\u00a0 \u00a0 \u00a0 \u00a0 \u00a0 \u00a0 \u00a0 \u00a0 \u00a0 \u00a0 \u00a0 \u00a0 \u00a0 \u00a0 \u00a0 \u00a0 \u00a0 \u00a0 \u00a0 \u00a0 \u00a0 \u00a0 \u00a0 \u00a0\u00a0 La course organis\u00e9e par l&rsquo;ACB rencontre toujours un grand succ\u00e8s. Les inscriptions sont closes depuis plusieurs jours d\u00e9j\u00e0, le nombre maximum de 400 coureurs \u00e9tant atteint. Cette &hellip; <a href=\"https:\/\/acb-athletisme.fr\/?p=955\" class=\"more-link\">Continuer la lecture de <span class=\"screen-reader-text\">Derni\u00e8re ligne droite avant les Foul\u00e9es de Beauchamp 2016<\/span>  <span class=\"meta-nav\">&rarr;<\/span><\/a><\/p>\n","protected":false},"author":1,"featured_media":0,"comment_status":"open","ping_status":"open","sticky":false,"template":"","format":"standard","meta":{"footnotes":""},"categories":[36,86,48],"tags":[80,28,68,53],"class_list":["post-955","post","type-post","status-publish","format-standard","hentry","category-actualite","category-lesfoulees","category-route","tag-beauchamp","tag-course","tag-foulees","tag-route"],"_links":{"self":[{"href":"https:\/\/acb-athletisme.fr\/index.php?rest_route=\/wp\/v2\/posts\/955","targetHints":{"allow":["GET"]}}],"collection":[{"href":"https:\/\/acb-athletisme.fr\/index.php?rest_route=\/wp\/v2\/posts"}],"about":[{"href":"https:\/\/acb-athletisme.fr\/index.php?rest_route=\/wp\/v2\/types\/post"}],"author":[{"embeddable":true,"href":"https:\/\/acb-athletisme.fr\/index.php?rest_route=\/wp\/v2\/users\/1"}],"replies":[{"embeddable":true,"href":"https:\/\/acb-athletisme.fr\/index.php?rest_route=%2Fwp%2Fv2%2Fcomments&post=955"}],"version-history":[{"count":4,"href":"https:\/\/acb-athletisme.fr\/index.php?rest_route=\/wp\/v2\/posts\/955\/revisions"}],"predecessor-version":[{"id":961,"href":"https:\/\/acb-athletisme.fr\/index.php?rest_route=\/wp\/v2\/posts\/955\/revisions\/961"}],"wp:attachment":[{"href":"https:\/\/acb-athletisme.fr\/index.php?rest_route=%2Fwp%2Fv2%2Fmedia&parent=955"}],"wp:term":[{"taxonomy":"category","embeddable":true,"href":"https:\/\/acb-athletisme.fr\/index.php?rest_route=%2Fwp%2Fv2%2Fcategories&post=955"},{"taxonomy":"post_tag","embeddable":true,"href":"https:\/\/acb-athletisme.fr\/index.php?rest_route=%2Fwp%2Fv2%2Ftags&post=955"}],"curies":[{"name":"wp","href":"https:\/\/api.w.org\/{rel}","templated":true}]}}