{"id":879,"date":"2016-06-26T19:55:22","date_gmt":"2016-06-26T18:55:22","guid":{"rendered":"https:\/\/acb-athletisme.fr\/?p=879"},"modified":"2016-06-26T19:55:22","modified_gmt":"2016-06-26T18:55:22","slug":"la-saint-briceenne","status":"publish","type":"post","link":"https:\/\/acb-athletisme.fr\/?p=879","title":{"rendered":"La Saint-Bric\u00e9enne"},"content":{"rendered":"<p>Dur dur de se lever \u00e0 6h en ce Dimanche matin. Certains avaient encore de petits yeux. Mais cette sortie club se pr\u00e9sentait bien, d&rsquo;autant que la m\u00e9t\u00e9o, pour une fois, \u00e9tait de notre c\u00f4t\u00e9.<\/p>\n<p>Au programme, une course par \u00e9tapes\u00a0: 3 courses en 1 (4,5 km sur route puis 4,5 km en trail et pour finir une derni\u00e8re ascension de 1,2 km) soit un total 10,2 km.<\/p>\n<p>15 runners de l&rsquo;AC Beauchamp se sont r\u00e9partis en 6 Duo mixtes et 3 individuels.\u00a0(1er club en nombre de participants).\u00a0A noter la participation de Sonia \u00e0 sa 1ere course officielle. 1ere tentative et d\u00e9j\u00e0 belle performance. Nul doute que le virus a \u00e9t\u00e9 inocul\u00e9.<\/p>\n<p>C\u00f4t\u00e9 r\u00e9sultats\u00a0: C\u00e9dric et Grand Seb se classent dans les 20 premiers en individuel (r\u00e9sultats \u00e0 venir) avec un beau finish dans la derni\u00e8re mont\u00e9e.<\/p>\n<p>En Duo mixte, la famille L\u00e9onard, venue en force, ne repart pas bredouille (class\u00e9e 2e et 3e sur la bo\u00eete, suivi de pr\u00e8s par le duo Pascale\/Georges, cf. photo).<\/p>\n<figure id=\"attachment_880\" aria-describedby=\"caption-attachment-880\" style=\"width: 300px\" class=\"wp-caption alignnone\"><img loading=\"lazy\" decoding=\"async\" class=\"size-medium wp-image-880\" src=\"https:\/\/acb-athletisme.fr\/wp-content\/uploads\/2016\/06\/Brice-087-300x225.jpg\" alt=\"Podium DUO Mixte\" width=\"300\" height=\"225\" srcset=\"https:\/\/acb-athletisme.fr\/wp-content\/uploads\/2016\/06\/Brice-087-300x225.jpg 300w, https:\/\/acb-athletisme.fr\/wp-content\/uploads\/2016\/06\/Brice-087-150x113.jpg 150w, https:\/\/acb-athletisme.fr\/wp-content\/uploads\/2016\/06\/Brice-087-1024x768.jpg 1024w\" sizes=\"auto, (max-width: 300px) 100vw, 300px\" \/><figcaption id=\"caption-attachment-880\" class=\"wp-caption-text\">Podium DUO Mixte<\/figcaption><\/figure>\n<p>&nbsp;<\/p>\n<p>Marie-Do, Lidia et Nathalie nous ont rejoint en fin de matin\u00e9e pour nous soutenir sur les derniers hectom\u00e8tres. Bref, tout le monde a pris un grand plaisir en ce premier Dimanche estival.<\/p>\n<p>Impossible de se s\u00e9parer sans un pique-nique r\u00e9parateur.<\/p>\n<p><img loading=\"lazy\" decoding=\"async\" class=\"alignnone size-medium wp-image-881\" src=\"https:\/\/acb-athletisme.fr\/wp-content\/uploads\/2016\/06\/Brice-092-300x225.jpg\" alt=\"Brice 092\" width=\"300\" height=\"225\" srcset=\"https:\/\/acb-athletisme.fr\/wp-content\/uploads\/2016\/06\/Brice-092-300x225.jpg 300w, https:\/\/acb-athletisme.fr\/wp-content\/uploads\/2016\/06\/Brice-092-150x113.jpg 150w, https:\/\/acb-athletisme.fr\/wp-content\/uploads\/2016\/06\/Brice-092-1024x768.jpg 1024w\" sizes=\"auto, (max-width: 300px) 100vw, 300px\" \/><\/p>\n","protected":false},"excerpt":{"rendered":"<p>Dur dur de se lever \u00e0 6h en ce Dimanche matin. Certains avaient encore de petits yeux. Mais cette sortie club se pr\u00e9sentait bien, d&rsquo;autant que la m\u00e9t\u00e9o, pour une fois, \u00e9tait de notre c\u00f4t\u00e9. Au programme, une course par \u00e9tapes\u00a0: 3 courses en 1 (4,5 km sur route puis 4,5 km en trail et &hellip; <a href=\"https:\/\/acb-athletisme.fr\/?p=879\" class=\"more-link\">Continuer la lecture de <span class=\"screen-reader-text\">La Saint-Bric\u00e9enne<\/span>  <span class=\"meta-nav\">&rarr;<\/span><\/a><\/p>\n","protected":false},"author":1,"featured_media":0,"comment_status":"open","ping_status":"open","sticky":false,"template":"","format":"standard","meta":{"footnotes":""},"categories":[46],"tags":[],"class_list":["post-879","post","type-post","status-publish","format-standard","hentry","category-recittrail"],"_links":{"self":[{"href":"https:\/\/acb-athletisme.fr\/index.php?rest_route=\/wp\/v2\/posts\/879","targetHints":{"allow":["GET"]}}],"collection":[{"href":"https:\/\/acb-athletisme.fr\/index.php?rest_route=\/wp\/v2\/posts"}],"about":[{"href":"https:\/\/acb-athletisme.fr\/index.php?rest_route=\/wp\/v2\/types\/post"}],"author":[{"embeddable":true,"href":"https:\/\/acb-athletisme.fr\/index.php?rest_route=\/wp\/v2\/users\/1"}],"replies":[{"embeddable":true,"href":"https:\/\/acb-athletisme.fr\/index.php?rest_route=%2Fwp%2Fv2%2Fcomments&post=879"}],"version-history":[{"count":1,"href":"https:\/\/acb-athletisme.fr\/index.php?rest_route=\/wp\/v2\/posts\/879\/revisions"}],"predecessor-version":[{"id":882,"href":"https:\/\/acb-athletisme.fr\/index.php?rest_route=\/wp\/v2\/posts\/879\/revisions\/882"}],"wp:attachment":[{"href":"https:\/\/acb-athletisme.fr\/index.php?rest_route=%2Fwp%2Fv2%2Fmedia&parent=879"}],"wp:term":[{"taxonomy":"category","embeddable":true,"href":"https:\/\/acb-athletisme.fr\/index.php?rest_route=%2Fwp%2Fv2%2Fcategories&post=879"},{"taxonomy":"post_tag","embeddable":true,"href":"https:\/\/acb-athletisme.fr\/index.php?rest_route=%2Fwp%2Fv2%2Ftags&post=879"}],"curies":[{"name":"wp","href":"https:\/\/api.w.org\/{rel}","templated":true}]}}