{"id":592,"date":"2016-04-14T20:31:24","date_gmt":"2016-04-14T19:31:24","guid":{"rendered":"https:\/\/acb-athletisme.fr\/?p=592"},"modified":"2016-04-17T20:20:33","modified_gmt":"2016-04-17T19:20:33","slug":"entrainements-ecole-dathle","status":"publish","type":"post","link":"https:\/\/acb-athletisme.fr\/?p=592","title":{"rendered":"Vacances de P\u00e2ques 2016"},"content":{"rendered":"<p><a href=\"https:\/\/acb-athletisme.fr\/wp-content\/uploads\/2016\/04\/maxresdefault.jpg\" rel=\"attachment wp-att-593\"><img loading=\"lazy\" decoding=\"async\" class=\"alignnone size-full wp-image-593\" src=\"https:\/\/acb-athletisme.fr\/wp-content\/uploads\/2016\/04\/maxresdefault.jpg\" alt=\"maxresdefault\" width=\"1680\" height=\"1050\" srcset=\"https:\/\/acb-athletisme.fr\/wp-content\/uploads\/2016\/04\/maxresdefault.jpg 1680w, https:\/\/acb-athletisme.fr\/wp-content\/uploads\/2016\/04\/maxresdefault-150x94.jpg 150w, https:\/\/acb-athletisme.fr\/wp-content\/uploads\/2016\/04\/maxresdefault-300x188.jpg 300w, https:\/\/acb-athletisme.fr\/wp-content\/uploads\/2016\/04\/maxresdefault-1024x640.jpg 1024w\" sizes=\"auto, (max-width: 1680px) 100vw, 1680px\" \/><\/a><\/p>\n<p style=\"text-align: center;\">Bonjour \u00e0 tous<\/p>\n<p style=\"text-align: center;\"><strong>Je vous informe qu&rsquo;il n&rsquo;y aura pas d&rsquo;\u00e9cole d&rsquo;athl\u00e9tisme pendant\u00a0les vacances scolaires de P\u00e2ques.<\/strong><br \/>\n<strong> Rendez vous donc le mercredi 4 mai.<\/strong><br \/>\n<strong> Bonne vacances.<\/strong><\/p>\n<p style=\"text-align: center;\">pendant la fermeture du stade de Beauchamp, ceux qui souhaitent s&rsquo;entrainer pourront se rendre comme d&rsquo;habitude au stade de Taverny.<\/p>\n<p style=\"text-align: center;\">J&rsquo;ai pris contact avec le pr\u00e9sident du CC Taverny qui a confirm\u00e9 son accord ainsi que les horaires d&rsquo;entrainements :<\/p>\n<p style=\"text-align: center;\">mardi et jeudi de 18h30 \u00e0 20h30.<\/p>\n<p style=\"text-align: center;\">Bons entrainements, et merci \u00e0 Georges pour son esprit sportif !!<\/p>\n<p style=\"text-align: center;\">\u00a0S\u00e9bastien<\/p>\n","protected":false},"excerpt":{"rendered":"<p>Bonjour \u00e0 tous Je vous informe qu&rsquo;il n&rsquo;y aura pas d&rsquo;\u00e9cole d&rsquo;athl\u00e9tisme pendant\u00a0les vacances scolaires de P\u00e2ques. Rendez vous donc le mercredi 4 mai. Bonne vacances. pendant la fermeture du stade de Beauchamp, ceux qui souhaitent s&rsquo;entrainer pourront se rendre comme d&rsquo;habitude au stade de Taverny. J&rsquo;ai pris contact avec le pr\u00e9sident du CC Taverny &hellip; <a href=\"https:\/\/acb-athletisme.fr\/?p=592\" class=\"more-link\">Continuer la lecture de <span class=\"screen-reader-text\">Vacances de P\u00e2ques 2016<\/span>  <span class=\"meta-nav\">&rarr;<\/span><\/a><\/p>\n","protected":false},"author":1,"featured_media":0,"comment_status":"open","ping_status":"open","sticky":false,"template":"","format":"standard","meta":{"footnotes":""},"categories":[36],"tags":[],"class_list":["post-592","post","type-post","status-publish","format-standard","hentry","category-actualite"],"_links":{"self":[{"href":"https:\/\/acb-athletisme.fr\/index.php?rest_route=\/wp\/v2\/posts\/592","targetHints":{"allow":["GET"]}}],"collection":[{"href":"https:\/\/acb-athletisme.fr\/index.php?rest_route=\/wp\/v2\/posts"}],"about":[{"href":"https:\/\/acb-athletisme.fr\/index.php?rest_route=\/wp\/v2\/types\/post"}],"author":[{"embeddable":true,"href":"https:\/\/acb-athletisme.fr\/index.php?rest_route=\/wp\/v2\/users\/1"}],"replies":[{"embeddable":true,"href":"https:\/\/acb-athletisme.fr\/index.php?rest_route=%2Fwp%2Fv2%2Fcomments&post=592"}],"version-history":[{"count":3,"href":"https:\/\/acb-athletisme.fr\/index.php?rest_route=\/wp\/v2\/posts\/592\/revisions"}],"predecessor-version":[{"id":646,"href":"https:\/\/acb-athletisme.fr\/index.php?rest_route=\/wp\/v2\/posts\/592\/revisions\/646"}],"wp:attachment":[{"href":"https:\/\/acb-athletisme.fr\/index.php?rest_route=%2Fwp%2Fv2%2Fmedia&parent=592"}],"wp:term":[{"taxonomy":"category","embeddable":true,"href":"https:\/\/acb-athletisme.fr\/index.php?rest_route=%2Fwp%2Fv2%2Fcategories&post=592"},{"taxonomy":"post_tag","embeddable":true,"href":"https:\/\/acb-athletisme.fr\/index.php?rest_route=%2Fwp%2Fv2%2Ftags&post=592"}],"curies":[{"name":"wp","href":"https:\/\/api.w.org\/{rel}","templated":true}]}}