{"id":574,"date":"2016-04-10T22:04:46","date_gmt":"2016-04-10T21:04:46","guid":{"rendered":"https:\/\/acb-athletisme.fr\/?p=574"},"modified":"2016-04-10T22:04:46","modified_gmt":"2016-04-10T21:04:46","slug":"mnt-roncq-2016","status":"publish","type":"post","link":"https:\/\/acb-athletisme.fr\/?p=574","title":{"rendered":"MNT Roncq 2016"},"content":{"rendered":"<h6><span style=\"text-decoration: underline;\">MNT Roncq 2016 : une ch&rsquo;tite reprise en comp\u00e9tition pour les marcheurs de l&rsquo;ACBeauchamp !!!<\/span><\/h6>\n<p style=\"text-align: justify;\">Alors que nos amis coureurs s&rsquo;\u00e9taient respectivement align\u00e9s sur les marathons de Cheverny et de Paris, notre \u00e9quipe de marcheur (Alain, Colette, Corinne, Nathalie et moi-m\u00eame, accompagn\u00e9s de Laurent notre grand reporter du moment) prenait la direction du \u00ab\u00a0Haut de France\u00a0\u00bb pour effectuer la 4\u00e8me manche du challenge national de Marche Nordique.<\/p>\n<p style=\"text-align: justify;\">Apr\u00e8s avoir r\u00e9cup\u00e9r\u00e9 nos dossards, nous installions la table pour profiter d&rsquo;un bon repas d&rsquo;avant comp\u00e9tition compos\u00e9 de p\u00e2tes et de coulis de tomates (un grand merci \u00e0 Nathalie), ainsi que de d\u00e9licieux g\u00e2teaux confectionn\u00e9s par Colette et Corinne. Miam !!! Un pique-nique sur le bitume d&rsquo;un parking : une premi\u00e8re pour notre ami Laurent, trailer des grands espaces, qui avait toujours dit \u00ab\u00a0jamais \u00e7a !!<\/p>\n<p style=\"text-align: justify;\">Puis vint le moment des pr\u00e9paratifs : le stress du choix des chaussures pour Corinne qui h\u00e9sitait entre ses multiples paires (ouf, elle n&rsquo;avait pas pris les Louboutin !), le temps pris par Alain et moi pour accrocher nos dossards (\u00e7a pique les \u00e9pingles !), les interrogations de Nathalie sur la tenue ad\u00e9quate en fonction de la m\u00e9t\u00e9o &#8230;<\/p>\n<p style=\"text-align: justify;\">Enfin, la reconnaissance du parcours : un beau parcours, exigeant et assez technique, avec de nombreux endroits \u00e9troits o\u00f9 il est difficile de doubler.<\/p>\n<p style=\"text-align: justify;\">Apr\u00e8s un rappel des r\u00e8gles et postures \u00e0 tenir en comp\u00e9tition de marche nordique, le d\u00e9part fut donn\u00e9 \u00e0 14h. Plus de 180 comp\u00e9titeurs au d\u00e9part, avec un niveau assez relev\u00e9 !!!<\/p>\n<p style=\"text-align: justify;\">Afin de se stimuler, Colette et Corinne avaient d\u00e9cid\u00e9 de faire la course ensemble. De son cot\u00e9, Alain partit sur un rythme assez \u00e9lev\u00e9 qu&rsquo;il tint pendant une bonne moiti\u00e9 du parcours. Quant \u00e0 Nathalie, notre petite derni\u00e8re venue, elle portait son objectif sur la posture \u00e0 tenir pour sa premi\u00e8re comp\u00e9tition. Pari r\u00e9ussi pour elle ; pas une p\u00e9nalit\u00e9 et une belle place, bien m\u00e9rit\u00e9e, dans cette \u00e9preuve relev\u00e9e ! F\u00e9licitations<br \/>\npour cette premi\u00e8re !!!<\/p>\n<p style=\"text-align: justify;\">Comme \u00e0 ma bonne habitude sur ce type d&rsquo;\u00e9preuve, je ratai totalement mon d\u00e9part, me retrouvant au-del\u00e0 de la 40\u00e8me position en d\u00e9but de course !!! \u00a0J&rsquo;entamai donc une difficile remont\u00e9e sur un parcours peu propice. Quelques regrets \u00e0 l&rsquo;arriv\u00e9e !<\/p>\n<p style=\"text-align: justify;\">Pas de podium \u00e0 l&rsquo;arriv\u00e9e mais une grande satisfaction g\u00e9n\u00e9rale des performances r\u00e9alis\u00e9es &#8230; et surtout un petit remontant pour cloturer cette journ\u00e9e sportive, mais avant tout festive !!!<\/p>\n<p style=\"text-align: justify;\">Merci \u00e0 tous pour cette tr\u00e8s belle journ\u00e9e pass\u00e9e ensemble !!!<\/p>\n<p style=\"text-align: justify;\">Jean-Paul<\/p>\n<p style=\"text-align: justify;\"><em><strong>Prochaine comp\u00e9tition : la Nordique Essonnienne qui se d\u00e9roulera au Ch\u00e2teau de Chamarande (91) le dimanche 10 avril 2016. Avec 7 marcheurs sur la comp\u00e9tition et 8 marcheurs sur le parcours loisir, l&rsquo;ACB y sera bien repr\u00e9sent\u00e9.<\/strong><\/em><\/p>\n<p style=\"text-align: justify;\"><a href=\"https:\/\/acb-athletisme.fr\/wp-content\/uploads\/2016\/04\/resul-mnt-roncq.png\" rel=\"attachment wp-att-575\"><img loading=\"lazy\" decoding=\"async\" class=\"size-full wp-image-575 aligncenter\" src=\"https:\/\/acb-athletisme.fr\/wp-content\/uploads\/2016\/04\/resul-mnt-roncq.png\" alt=\"resul mnt roncq\" width=\"384\" height=\"261\" srcset=\"https:\/\/acb-athletisme.fr\/wp-content\/uploads\/2016\/04\/resul-mnt-roncq.png 384w, https:\/\/acb-athletisme.fr\/wp-content\/uploads\/2016\/04\/resul-mnt-roncq-150x102.png 150w, https:\/\/acb-athletisme.fr\/wp-content\/uploads\/2016\/04\/resul-mnt-roncq-300x204.png 300w\" sizes=\"auto, (max-width: 384px) 100vw, 384px\" \/><\/a><\/p>\n<p style=\"text-align: justify;\">\n<p style=\"text-align: justify;\"><a href=\"https:\/\/acb-athletisme.fr\/wp-content\/uploads\/2016\/04\/big_artfichier_330629_5600819_201604062232792.jpg\" rel=\"attachment wp-att-576\"><img loading=\"lazy\" decoding=\"async\" class=\"size-full wp-image-576 aligncenter\" src=\"https:\/\/acb-athletisme.fr\/wp-content\/uploads\/2016\/04\/big_artfichier_330629_5600819_201604062232792.jpg\" alt=\"big_artfichier_330629_5600819_201604062232792\" width=\"1067\" height=\"800\" srcset=\"https:\/\/acb-athletisme.fr\/wp-content\/uploads\/2016\/04\/big_artfichier_330629_5600819_201604062232792.jpg 1067w, https:\/\/acb-athletisme.fr\/wp-content\/uploads\/2016\/04\/big_artfichier_330629_5600819_201604062232792-150x112.jpg 150w, https:\/\/acb-athletisme.fr\/wp-content\/uploads\/2016\/04\/big_artfichier_330629_5600819_201604062232792-300x225.jpg 300w, https:\/\/acb-athletisme.fr\/wp-content\/uploads\/2016\/04\/big_artfichier_330629_5600819_201604062232792-1024x768.jpg 1024w\" sizes=\"auto, (max-width: 1067px) 100vw, 1067px\" \/><\/a><\/p>\n","protected":false},"excerpt":{"rendered":"<p>MNT Roncq 2016 : une ch&rsquo;tite reprise en comp\u00e9tition pour les marcheurs de l&rsquo;ACBeauchamp !!! Alors que nos amis coureurs s&rsquo;\u00e9taient respectivement align\u00e9s sur les marathons de Cheverny et de Paris, notre \u00e9quipe de marcheur (Alain, Colette, Corinne, Nathalie et moi-m\u00eame, accompagn\u00e9s de Laurent notre grand reporter du moment) prenait la direction du \u00ab\u00a0Haut de &hellip; <a href=\"https:\/\/acb-athletisme.fr\/?p=574\" class=\"more-link\">Continuer la lecture de <span class=\"screen-reader-text\">MNT Roncq 2016<\/span>  <span class=\"meta-nav\">&rarr;<\/span><\/a><\/p>\n","protected":false},"author":1,"featured_media":0,"comment_status":"open","ping_status":"open","sticky":false,"template":"","format":"standard","meta":{"footnotes":""},"categories":[73],"tags":[76,82,83,56],"class_list":["post-574","post","type-post","status-publish","format-standard","hentry","category-recitmarchenordique","tag-76","tag-marche","tag-nordique","tag-recit"],"_links":{"self":[{"href":"https:\/\/acb-athletisme.fr\/index.php?rest_route=\/wp\/v2\/posts\/574","targetHints":{"allow":["GET"]}}],"collection":[{"href":"https:\/\/acb-athletisme.fr\/index.php?rest_route=\/wp\/v2\/posts"}],"about":[{"href":"https:\/\/acb-athletisme.fr\/index.php?rest_route=\/wp\/v2\/types\/post"}],"author":[{"embeddable":true,"href":"https:\/\/acb-athletisme.fr\/index.php?rest_route=\/wp\/v2\/users\/1"}],"replies":[{"embeddable":true,"href":"https:\/\/acb-athletisme.fr\/index.php?rest_route=%2Fwp%2Fv2%2Fcomments&post=574"}],"version-history":[{"count":1,"href":"https:\/\/acb-athletisme.fr\/index.php?rest_route=\/wp\/v2\/posts\/574\/revisions"}],"predecessor-version":[{"id":577,"href":"https:\/\/acb-athletisme.fr\/index.php?rest_route=\/wp\/v2\/posts\/574\/revisions\/577"}],"wp:attachment":[{"href":"https:\/\/acb-athletisme.fr\/index.php?rest_route=%2Fwp%2Fv2%2Fmedia&parent=574"}],"wp:term":[{"taxonomy":"category","embeddable":true,"href":"https:\/\/acb-athletisme.fr\/index.php?rest_route=%2Fwp%2Fv2%2Fcategories&post=574"},{"taxonomy":"post_tag","embeddable":true,"href":"https:\/\/acb-athletisme.fr\/index.php?rest_route=%2Fwp%2Fv2%2Ftags&post=574"}],"curies":[{"name":"wp","href":"https:\/\/api.w.org\/{rel}","templated":true}]}}