{"id":568,"date":"2016-04-10T21:48:16","date_gmt":"2016-04-10T20:48:16","guid":{"rendered":"https:\/\/acb-athletisme.fr\/?p=568"},"modified":"2016-04-30T18:50:32","modified_gmt":"2016-04-30T17:50:32","slug":"cheverny-2016","status":"publish","type":"post","link":"https:\/\/acb-athletisme.fr\/?p=568","title":{"rendered":"Cheverny 2016"},"content":{"rendered":"<p style=\"text-align: justify;\"><strong>Jean Marc<\/strong><\/p>\n<p style=\"text-align: justify;\"><span style=\"color: #000000;\">5 Coureurs de l\u2019ACB avaient d\u00e9cid\u00e9 de fuir la grande ville ce week end pour r\u00e9gler quelques comptes chronom\u00e9triques sur marathon\u2026ce qui fut fait\u00a0, lors du traditionnel marathon de Cheverny auquel l\u2019ACB est fid\u00e8le depuis maintenant 4 ans.<\/span><\/p>\n<p style=\"text-align: justify;\"><span style=\"color: #808080;\">Arriv\u00e9e samedi sous la pluie et un temps assez frisquet 7 \u00b0 \u00e0 18h. Nous prenons possession de notre gite situ\u00e9 \u00e0 50m du retrait des dossards. Id\u00e9al &#8230; pas d\u2019\u00e9nergie \u00e0 d\u00e9penser!<\/span><\/p>\n<p style=\"text-align: justify;\"><span style=\"color: #000000;\">19h: Petite visite au stand du marathon de Blaye en autre \u00a0de Jean Marc et Georges et d\u00e9gustation de Bordeaux<\/span><\/p>\n<p style=\"text-align: justify;\">20h30: Pasta party comme d\u2019hab dans le ch\u00e2teau de Tintin toujours tr\u00e8s bien organis\u00e9 avec orchestre et quelques pas de danse pour certains<\/p>\n<p style=\"text-align: justify;\">22h45 Extinction des feux&#8230; le marathon c\u2019est s\u00e9rieux.<\/p>\n<p style=\"text-align: justify;\"><span style=\"color: #808080;\">Dimanche apr\u00e8s le \u00a0r\u00e9veil tr\u00e8s matinal de Georges , le petit d\u00e9j de chacun, on goute \u00e0 tout\u2026<\/span><\/p>\n<p style=\"text-align: justify;\"><span style=\"color: #808080;\">ca y est la pression arrive !!<\/span><\/p>\n<p style=\"text-align: justify;\"><span style=\"color: #808080;\">D\u00e9j\u00e0 8h30 plein de coureurs sous nos fen\u00eatres, l\u00e0 faut y aller quand m\u00eame, &#8230;.\u00a0 et surprise la m\u00e9t\u00e9o n\u2019est plus la meme. Tr\u00e9s douce et un beau soleil.<\/span><\/p>\n<p><a href=\"https:\/\/acb-athletisme.fr\/wp-content\/uploads\/2016\/04\/artfichier_330629_5611148_201604091018536.jpg\" rel=\"attachment wp-att-569\"><img loading=\"lazy\" decoding=\"async\" class=\"wp-image-569 aligncenter\" src=\"https:\/\/acb-athletisme.fr\/wp-content\/uploads\/2016\/04\/artfichier_330629_5611148_201604091018536.jpg\" alt=\"artfichier_330629_5611148_201604091018536\" width=\"287\" height=\"215\" srcset=\"https:\/\/acb-athletisme.fr\/wp-content\/uploads\/2016\/04\/artfichier_330629_5611148_201604091018536.jpg 920w, https:\/\/acb-athletisme.fr\/wp-content\/uploads\/2016\/04\/artfichier_330629_5611148_201604091018536-150x113.jpg 150w, https:\/\/acb-athletisme.fr\/wp-content\/uploads\/2016\/04\/artfichier_330629_5611148_201604091018536-300x225.jpg 300w\" sizes=\"auto, (max-width: 287px) 100vw, 287px\" \/><\/a><\/p>\n<p><span style=\"color: #000000;\">9h: D\u00e9part du duo\/marathon &#8230; pour des fortunes diverses(chacun pourra vous raconter sa course)<\/span><\/p>\n<p><span style=\"color: #000000;\">42kms 195 c\u2019est long&#8230;<\/span><\/p>\n<p><span style=\"color: #808080;\">R\u00e9sultats<\/span>:<\/p>\n<p style=\"text-align: justify;\"><img loading=\"lazy\" decoding=\"async\" class=\"size-full wp-image-570 aligncenter\" src=\"https:\/\/acb-athletisme.fr\/wp-content\/uploads\/2016\/04\/resultats.jpg\" alt=\"resultats\" width=\"287\" height=\"163\" srcset=\"https:\/\/acb-athletisme.fr\/wp-content\/uploads\/2016\/04\/resultats.jpg 287w, https:\/\/acb-athletisme.fr\/wp-content\/uploads\/2016\/04\/resultats-150x85.jpg 150w\" sizes=\"auto, (max-width: 287px) 100vw, 287px\" \/><\/p>\n<p style=\"text-align: justify;\"><span style=\"color: #000000;\">Malgr\u00e9 la chaleur qui a fait mal \u00e0 certains sur la derni\u00e8re heure on est tous finishers et contents. L\u2019\u00e9quipe B (oui \u00a0c\u2019est comme cela que l\u2019on nous appelle merci LAP1) met la pression sur l\u2019\u00e9quipe A. Ils sauront pourquoi\u2026\u2026\u00a0!!!!!!!<\/span><\/p>\n<p style=\"text-align: justify;\"><span style=\"color: #808080;\">\u00a0Le temps de \u00a0r\u00e9cup\u00e9rer un peu ,la douche et hop retour sur la ligne d\u2019arriv\u00e9e \u00e0 50m du gite pour la(es) bi\u00e8re(s), les frites et les merguez. Que du classique\u2026comme tous les ans.<\/span><\/p>\n<p style=\"text-align: justify;\"><span style=\"color: #000000;\">Achat de produit locaux au ch\u00e2teau et vins divers puis d\u00e9crassage en marchant dans Cheverny et pour finir l\u2019heure de l\u2019ap\u00e9ro arrive&#8230;<\/span><\/p>\n<p style=\"text-align: justify;\"><span style=\"color: #000000;\">Merci Stephane pour le SKY<\/span><\/p>\n<p style=\"text-align: justify;\"><span style=\"color: #000000;\">Petit diner ensuite au coin du feu\u2026si si\u2026dans un petit resto situ\u00e9 \u00e0 2 deux pas de l\u00e0.<\/span><\/p>\n<p style=\"text-align: center;\"><span style=\"color: #0000ff;\">Voil\u00e0 Cheverny c\u2019est \u00e7a:\u00a0\u00a0 <\/span><\/p>\n<p style=\"text-align: center;\"><span style=\"color: #0000ff;\">Convivialit\u00e9 \/ Super organisation \/ Super ambiance \u00a0\u00a0<\/span><\/p>\n<p style=\"text-align: justify;\"><span style=\"color: #808080;\">Bref on a mis une option d\u00e9j\u00e0 sur un gite de 6 places pour 2017. Soit sur 10kms(le samedi)&#8230;marathon duo ou &#8230; marathon&#8230; on vous attend. Rendez vous le\u00a0 1\/04\/2017<\/span><\/p>\n<p>\u00a0<span style=\"color: #008000;\">Les Marathoniens<\/span><\/p>\n<p><a href=\"https:\/\/acb-athletisme.fr\/wp-content\/uploads\/2016\/04\/artfichier_330629_5611150_201604091349591.jpg\" rel=\"attachment wp-att-571\"><img loading=\"lazy\" decoding=\"async\" class=\"alignnone size-full wp-image-571\" src=\"https:\/\/acb-athletisme.fr\/wp-content\/uploads\/2016\/04\/artfichier_330629_5611150_201604091349591.jpg\" alt=\"artfichier_330629_5611150_201604091349591\" width=\"919\" height=\"674\" srcset=\"https:\/\/acb-athletisme.fr\/wp-content\/uploads\/2016\/04\/artfichier_330629_5611150_201604091349591.jpg 919w, https:\/\/acb-athletisme.fr\/wp-content\/uploads\/2016\/04\/artfichier_330629_5611150_201604091349591-150x110.jpg 150w, https:\/\/acb-athletisme.fr\/wp-content\/uploads\/2016\/04\/artfichier_330629_5611150_201604091349591-300x220.jpg 300w\" sizes=\"auto, (max-width: 919px) 100vw, 919px\" \/><\/a><\/p>\n<div dir=\"ltr\">Dominique:<\/div>\n<div><\/div>\n<div dir=\"ltr\">Marathon de Cheverny 03 avril 2016<\/div>\n<div dir=\"ltr\" style=\"text-align: justify;\">\nPrenez le cadre prestigieux du domaine de Cheverny, ajoutez-y la plus belle salle du Ch\u00e2teau pour la pasta party, assaisonnez cette soir\u00e9e d\u2019une fanfare aux milles chansons et laissez reposer le m\u00e9lange durant toute une nuit. Reprenez la suite de votre recette \u00e0 l\u2019aube, r\u00e9veillez doucement la pr\u00e9paration par de l\u00e9gers trottinements dans le village marathon, \u00e9picez le tout d\u2019un d\u00e9part attendu au pied du ch\u00e2teau et laissez cuire selon votre go\u00fbt entre 3h26 et 4h15.<\/div>\n<div dir=\"ltr\" style=\"text-align: justify;\">Rendez-vous pour la prochaine \u00e9dition du Marathon de Cheverny 2017.<\/div>\n<div dir=\"ltr\" style=\"text-align: justify;\"><\/div>\n<div dir=\"ltr\" style=\"text-align: justify;\"><a href=\"https:\/\/acb-athletisme.fr\/wp-content\/uploads\/2016\/04\/artfichier_330629_5611167_20160409234262.jpg\" rel=\"attachment wp-att-572\"><img loading=\"lazy\" decoding=\"async\" class=\"alignnone size-full wp-image-572\" src=\"https:\/\/acb-athletisme.fr\/wp-content\/uploads\/2016\/04\/artfichier_330629_5611167_20160409234262.jpg\" alt=\"artfichier_330629_5611167_20160409234262\" width=\"920\" height=\"690\" srcset=\"https:\/\/acb-athletisme.fr\/wp-content\/uploads\/2016\/04\/artfichier_330629_5611167_20160409234262.jpg 920w, https:\/\/acb-athletisme.fr\/wp-content\/uploads\/2016\/04\/artfichier_330629_5611167_20160409234262-150x113.jpg 150w, https:\/\/acb-athletisme.fr\/wp-content\/uploads\/2016\/04\/artfichier_330629_5611167_20160409234262-300x225.jpg 300w\" sizes=\"auto, (max-width: 920px) 100vw, 920px\" \/><\/a><\/div>\n","protected":false},"excerpt":{"rendered":"<p>Jean Marc 5 Coureurs de l\u2019ACB avaient d\u00e9cid\u00e9 de fuir la grande ville ce week end pour r\u00e9gler quelques comptes chronom\u00e9triques sur marathon\u2026ce qui fut fait\u00a0, lors du traditionnel marathon de Cheverny auquel l\u2019ACB est fid\u00e8le depuis maintenant 4 ans. Arriv\u00e9e samedi sous la pluie et un temps assez frisquet 7 \u00b0 \u00e0 18h. Nous &hellip; <a href=\"https:\/\/acb-athletisme.fr\/?p=568\" class=\"more-link\">Continuer la lecture de <span class=\"screen-reader-text\">Cheverny 2016<\/span>  <span class=\"meta-nav\">&rarr;<\/span><\/a><\/p>\n","protected":false},"author":1,"featured_media":0,"comment_status":"open","ping_status":"open","sticky":false,"template":"","format":"standard","meta":{"footnotes":""},"categories":[70],"tags":[76,28,17,56,53],"class_list":["post-568","post","type-post","status-publish","format-standard","hentry","category-recitroute","tag-76","tag-course","tag-marathon","tag-recit","tag-route"],"_links":{"self":[{"href":"https:\/\/acb-athletisme.fr\/index.php?rest_route=\/wp\/v2\/posts\/568","targetHints":{"allow":["GET"]}}],"collection":[{"href":"https:\/\/acb-athletisme.fr\/index.php?rest_route=\/wp\/v2\/posts"}],"about":[{"href":"https:\/\/acb-athletisme.fr\/index.php?rest_route=\/wp\/v2\/types\/post"}],"author":[{"embeddable":true,"href":"https:\/\/acb-athletisme.fr\/index.php?rest_route=\/wp\/v2\/users\/1"}],"replies":[{"embeddable":true,"href":"https:\/\/acb-athletisme.fr\/index.php?rest_route=%2Fwp%2Fv2%2Fcomments&post=568"}],"version-history":[{"count":1,"href":"https:\/\/acb-athletisme.fr\/index.php?rest_route=\/wp\/v2\/posts\/568\/revisions"}],"predecessor-version":[{"id":573,"href":"https:\/\/acb-athletisme.fr\/index.php?rest_route=\/wp\/v2\/posts\/568\/revisions\/573"}],"wp:attachment":[{"href":"https:\/\/acb-athletisme.fr\/index.php?rest_route=%2Fwp%2Fv2%2Fmedia&parent=568"}],"wp:term":[{"taxonomy":"category","embeddable":true,"href":"https:\/\/acb-athletisme.fr\/index.php?rest_route=%2Fwp%2Fv2%2Fcategories&post=568"},{"taxonomy":"post_tag","embeddable":true,"href":"https:\/\/acb-athletisme.fr\/index.php?rest_route=%2Fwp%2Fv2%2Ftags&post=568"}],"curies":[{"name":"wp","href":"https:\/\/api.w.org\/{rel}","templated":true}]}}