{"id":502,"date":"2016-03-14T12:22:41","date_gmt":"2016-03-14T11:22:41","guid":{"rendered":"https:\/\/acb-athletisme.fr\/?p=502"},"modified":"2016-04-30T18:51:03","modified_gmt":"2016-04-30T17:51:03","slug":"semi-marathon-de-saint-witz-2016","status":"publish","type":"post","link":"https:\/\/acb-athletisme.fr\/?p=502","title":{"rendered":"Semi Marathon de Saint Witz 2016"},"content":{"rendered":"<p style=\"text-align: justify;\">En pleine pr\u00e9paration Marathon (Cheverny ou la route du Louvres), 4\u00a0coureurs ont particip\u00e9 au Semi Marathon de St Witz Samedi 12 Mars 2016<\/p>\n<p style=\"text-align: justify;\">Site de la course : <a href=\"http:\/\/www.semi-marathon-saint-witz.fr\/semi-marathon-de-saint-witz-21-1km\/\">http:\/\/www.semi-marathon-saint-witz.fr\/semi-marathon-de-saint-witz-21-1km\/<\/a><\/p>\n<p><a href=\"https:\/\/acb-athletisme.fr\/wp-content\/uploads\/2016\/03\/podium-saint-witz.png\" rel=\"attachment wp-att-504\"><img loading=\"lazy\" decoding=\"async\" class=\"size-full wp-image-504 alignnone\" src=\"https:\/\/acb-athletisme.fr\/wp-content\/uploads\/2016\/03\/podium-saint-witz.png\" alt=\"podium saint witz\" width=\"633\" height=\"210\" srcset=\"https:\/\/acb-athletisme.fr\/wp-content\/uploads\/2016\/03\/podium-saint-witz.png 633w, https:\/\/acb-athletisme.fr\/wp-content\/uploads\/2016\/03\/podium-saint-witz-150x50.png 150w, https:\/\/acb-athletisme.fr\/wp-content\/uploads\/2016\/03\/podium-saint-witz-300x100.png 300w\" sizes=\"auto, (max-width: 633px) 100vw, 633px\" \/><\/a><\/p>\n<p>Un temps magnifique, une course tr\u00e8s bien organis\u00e9e<\/p>\n<p><strong>les r\u00e9sultats<\/strong><\/p>\n<p style=\"text-align: justify;\"><a href=\"https:\/\/acb-athletisme.fr\/wp-content\/uploads\/2016\/03\/resultat-stwitz1.jpg\" rel=\"attachment wp-att-508\"><img loading=\"lazy\" decoding=\"async\" class=\"size-full wp-image-508 aligncenter\" src=\"https:\/\/acb-athletisme.fr\/wp-content\/uploads\/2016\/03\/resultat-stwitz1.jpg\" alt=\"resultat stwitz1\" width=\"960\" height=\"720\" srcset=\"https:\/\/acb-athletisme.fr\/wp-content\/uploads\/2016\/03\/resultat-stwitz1.jpg 960w, https:\/\/acb-athletisme.fr\/wp-content\/uploads\/2016\/03\/resultat-stwitz1-150x113.jpg 150w, https:\/\/acb-athletisme.fr\/wp-content\/uploads\/2016\/03\/resultat-stwitz1-300x225.jpg 300w\" sizes=\"auto, (max-width: 960px) 100vw, 960px\" \/><\/a> <a href=\"https:\/\/acb-athletisme.fr\/wp-content\/uploads\/2016\/03\/resultat-stwitz2.jpg\" rel=\"attachment wp-att-509\"><img loading=\"lazy\" decoding=\"async\" class=\"size-full wp-image-509 aligncenter\" src=\"https:\/\/acb-athletisme.fr\/wp-content\/uploads\/2016\/03\/resultat-stwitz2.jpg\" alt=\"resultat stwitz2\" width=\"960\" height=\"720\" \/><\/a><\/p>\n","protected":false},"excerpt":{"rendered":"<p>En pleine pr\u00e9paration Marathon (Cheverny ou la route du Louvres), 4\u00a0coureurs ont particip\u00e9 au Semi Marathon de St Witz Samedi 12 Mars 2016 Site de la course : http:\/\/www.semi-marathon-saint-witz.fr\/semi-marathon-de-saint-witz-21-1km\/ Un temps magnifique, une course tr\u00e8s bien organis\u00e9e les r\u00e9sultats<\/p>\n","protected":false},"author":1,"featured_media":0,"comment_status":"open","ping_status":"open","sticky":false,"template":"","format":"standard","meta":{"footnotes":""},"categories":[70],"tags":[76,28,53,75],"class_list":["post-502","post","type-post","status-publish","format-standard","hentry","category-recitroute","tag-76","tag-course","tag-route","tag-sem-marathon"],"_links":{"self":[{"href":"https:\/\/acb-athletisme.fr\/index.php?rest_route=\/wp\/v2\/posts\/502","targetHints":{"allow":["GET"]}}],"collection":[{"href":"https:\/\/acb-athletisme.fr\/index.php?rest_route=\/wp\/v2\/posts"}],"about":[{"href":"https:\/\/acb-athletisme.fr\/index.php?rest_route=\/wp\/v2\/types\/post"}],"author":[{"embeddable":true,"href":"https:\/\/acb-athletisme.fr\/index.php?rest_route=\/wp\/v2\/users\/1"}],"replies":[{"embeddable":true,"href":"https:\/\/acb-athletisme.fr\/index.php?rest_route=%2Fwp%2Fv2%2Fcomments&post=502"}],"version-history":[{"count":4,"href":"https:\/\/acb-athletisme.fr\/index.php?rest_route=\/wp\/v2\/posts\/502\/revisions"}],"predecessor-version":[{"id":510,"href":"https:\/\/acb-athletisme.fr\/index.php?rest_route=\/wp\/v2\/posts\/502\/revisions\/510"}],"wp:attachment":[{"href":"https:\/\/acb-athletisme.fr\/index.php?rest_route=%2Fwp%2Fv2%2Fmedia&parent=502"}],"wp:term":[{"taxonomy":"category","embeddable":true,"href":"https:\/\/acb-athletisme.fr\/index.php?rest_route=%2Fwp%2Fv2%2Fcategories&post=502"},{"taxonomy":"post_tag","embeddable":true,"href":"https:\/\/acb-athletisme.fr\/index.php?rest_route=%2Fwp%2Fv2%2Ftags&post=502"}],"curies":[{"name":"wp","href":"https:\/\/api.w.org\/{rel}","templated":true}]}}