{"id":497,"date":"2016-02-21T17:19:25","date_gmt":"2016-02-21T16:19:25","guid":{"rendered":"https:\/\/acb-athletisme.fr\/?p=497"},"modified":"2016-02-21T17:20:40","modified_gmt":"2016-02-21T16:20:40","slug":"497","status":"publish","type":"post","link":"https:\/\/acb-athletisme.fr\/?p=497","title":{"rendered":"Fermeture du stade de Beauchamp"},"content":{"rendered":"<p><strong>Fermeture du stade de Beauchamp pendant les vacances de F\u00e9vrier (du 22 au 27 F\u00e9vrier)<\/strong><\/p>\n<p>Notre stade \u00e9tant ferm\u00e9 cette semaine l\u00e0, nous avons contact\u00e9 Taverny afin de pouvoir s\u2019entrainer sur leur piste, notamment pour les s\u00e9ances 20&#215;400 et 3&#215;4000 (pour les pr\u00e9pa. Marathon)<\/p>\n<p>Georges et Vincent pr\u00e9sident et entraineur du CCT sont ravis de nous accueillir.<\/p>\n<p>Donc solution de repli pour ceux qui le d\u00e9sirent\u2026\u2026\u2026. Les horaires sont les m\u00eames que chez nous<\/p>\n<p>Jean Marc<\/p>\n","protected":false},"excerpt":{"rendered":"<p>Fermeture du stade de Beauchamp pendant les vacances de F\u00e9vrier (du 22 au 27 F\u00e9vrier) Notre stade \u00e9tant ferm\u00e9 cette semaine l\u00e0, nous avons contact\u00e9 Taverny afin de pouvoir s\u2019entrainer sur leur piste, notamment pour les s\u00e9ances 20&#215;400 et 3&#215;4000 (pour les pr\u00e9pa. Marathon) Georges et Vincent pr\u00e9sident et entraineur du CCT sont ravis de &hellip; <a href=\"https:\/\/acb-athletisme.fr\/?p=497\" class=\"more-link\">Continuer la lecture de <span class=\"screen-reader-text\">Fermeture du stade de Beauchamp<\/span>  <span class=\"meta-nav\">&rarr;<\/span><\/a><\/p>\n","protected":false},"author":1,"featured_media":0,"comment_status":"open","ping_status":"open","sticky":false,"template":"","format":"standard","meta":{"footnotes":""},"categories":[36,22],"tags":[],"class_list":["post-497","post","type-post","status-publish","format-standard","hentry","category-actualite","category-messages"],"_links":{"self":[{"href":"https:\/\/acb-athletisme.fr\/index.php?rest_route=\/wp\/v2\/posts\/497","targetHints":{"allow":["GET"]}}],"collection":[{"href":"https:\/\/acb-athletisme.fr\/index.php?rest_route=\/wp\/v2\/posts"}],"about":[{"href":"https:\/\/acb-athletisme.fr\/index.php?rest_route=\/wp\/v2\/types\/post"}],"author":[{"embeddable":true,"href":"https:\/\/acb-athletisme.fr\/index.php?rest_route=\/wp\/v2\/users\/1"}],"replies":[{"embeddable":true,"href":"https:\/\/acb-athletisme.fr\/index.php?rest_route=%2Fwp%2Fv2%2Fcomments&post=497"}],"version-history":[{"count":3,"href":"https:\/\/acb-athletisme.fr\/index.php?rest_route=\/wp\/v2\/posts\/497\/revisions"}],"predecessor-version":[{"id":500,"href":"https:\/\/acb-athletisme.fr\/index.php?rest_route=\/wp\/v2\/posts\/497\/revisions\/500"}],"wp:attachment":[{"href":"https:\/\/acb-athletisme.fr\/index.php?rest_route=%2Fwp%2Fv2%2Fmedia&parent=497"}],"wp:term":[{"taxonomy":"category","embeddable":true,"href":"https:\/\/acb-athletisme.fr\/index.php?rest_route=%2Fwp%2Fv2%2Fcategories&post=497"},{"taxonomy":"post_tag","embeddable":true,"href":"https:\/\/acb-athletisme.fr\/index.php?rest_route=%2Fwp%2Fv2%2Ftags&post=497"}],"curies":[{"name":"wp","href":"https:\/\/api.w.org\/{rel}","templated":true}]}}