{"id":450,"date":"2016-01-09T23:01:12","date_gmt":"2016-01-09T22:01:12","guid":{"rendered":"https:\/\/acb-athletisme.fr\/?p=450"},"modified":"2016-04-30T18:52:12","modified_gmt":"2016-04-30T17:52:12","slug":"foulees-de-beauchamp-2014","status":"publish","type":"post","link":"https:\/\/acb-athletisme.fr\/?p=450","title":{"rendered":"Les Foul\u00e9es de Beauchamp 2014"},"content":{"rendered":"<p><strong><span style=\"text-decoration: underline;\">Les Foul\u00e9es de Beauchamp 2014\u00a0\u00a0\u00a0\u00a0\u00a0\u00a0\u00a0\u00a0\u00a0\u00a0\u00a0\u00a0\u00a0\u00a0\u00a0\u00a0\u00a0\u00a0\u00a0\u00a0\u00a0\u00a0\u00a0\u00a0\u00a0\u00a0\u00a0\u00a0\u00a0\u00a0\u00a0\u00a0\u00a0\u00a0\u00a0\u00a0\u00a0\u00a0\u00a0\u00a0\u00a0\u00a0\u00a0\u00a0\u00a0\u00a0\u00a0\u00a0\u00a0\u00a0\u00a0\u00a0\u00a0\u00a0\u00a0\u00a0\u00a0\u00a0\u00a0\u00a0\u00a0\u00a0\u00a0\u00a0\u00a0\u00a0\u00a0\u00a0\u00a0\u00a0\u00a0\u00a0\u00a0\u00a0\u00a0\u00a0\u00a0\u00a0 <\/span><\/strong><\/p>\n<p><img loading=\"lazy\" decoding=\"async\" class=\"alignnone size-medium wp-image-451 aligncenter\" src=\"https:\/\/acb-athletisme.fr\/wp-content\/uploads\/2016\/01\/artfichier_330629_4046904_201408270634165-206x300.jpg\" alt=\"artfichier_330629_4046904_201408270634165\" width=\"206\" height=\"300\" srcset=\"https:\/\/acb-athletisme.fr\/wp-content\/uploads\/2016\/01\/artfichier_330629_4046904_201408270634165-206x300.jpg 206w, https:\/\/acb-athletisme.fr\/wp-content\/uploads\/2016\/01\/artfichier_330629_4046904_201408270634165-103x150.jpg 103w, https:\/\/acb-athletisme.fr\/wp-content\/uploads\/2016\/01\/artfichier_330629_4046904_201408270634165.jpg 300w\" sizes=\"auto, (max-width: 206px) 100vw, 206px\" \/><\/p>\n<p style=\"text-align: center;\">\u00a0<strong>Course des enfants:\u00a0<\/strong>Les courses enfants ont \u00e9t\u00e9 un v\u00e9ritable succ\u00e8s:<\/p>\n<p style=\"padding-left: 60px; text-align: center;\">\u00a0Nombre de participants:<\/p>\n<p style=\"padding-left: 60px; text-align: center;\">Eveil athl\u00e9 : 41<\/p>\n<p style=\"padding-left: 60px; text-align: center;\">Poussins: 17<\/p>\n<p style=\"padding-left: 60px; text-align: center;\">Benjamins : 13<\/p>\n<p style=\"padding-left: 60px; text-align: center;\">Minimes: 9<\/p>\n<p style=\"padding-left: 60px;\"><img loading=\"lazy\" decoding=\"async\" class=\"wp-image-452 alignnone\" src=\"https:\/\/acb-athletisme.fr\/wp-content\/uploads\/2016\/01\/artfichier_330629_4264169_201411093417498-300x200.jpg\" alt=\"artfichier_330629_4264169_201411093417498\" width=\"198\" height=\"132\" srcset=\"https:\/\/acb-athletisme.fr\/wp-content\/uploads\/2016\/01\/artfichier_330629_4264169_201411093417498-300x200.jpg 300w, https:\/\/acb-athletisme.fr\/wp-content\/uploads\/2016\/01\/artfichier_330629_4264169_201411093417498-150x100.jpg 150w, https:\/\/acb-athletisme.fr\/wp-content\/uploads\/2016\/01\/artfichier_330629_4264169_201411093417498.jpg 338w\" sizes=\"auto, (max-width: 198px) 100vw, 198px\" \/> <img loading=\"lazy\" decoding=\"async\" class=\"alignnone wp-image-453\" src=\"https:\/\/acb-athletisme.fr\/wp-content\/uploads\/2016\/01\/artfichier_330629_4264172_201411093451452-300x200.jpg\" alt=\"artfichier_330629_4264172_201411093451452\" width=\"194\" height=\"129\" srcset=\"https:\/\/acb-athletisme.fr\/wp-content\/uploads\/2016\/01\/artfichier_330629_4264172_201411093451452-300x200.jpg 300w, https:\/\/acb-athletisme.fr\/wp-content\/uploads\/2016\/01\/artfichier_330629_4264172_201411093451452-150x100.jpg 150w, https:\/\/acb-athletisme.fr\/wp-content\/uploads\/2016\/01\/artfichier_330629_4264172_201411093451452.jpg 338w\" sizes=\"auto, (max-width: 194px) 100vw, 194px\" \/><\/p>\n<p style=\"padding-left: 60px;\"><img loading=\"lazy\" decoding=\"async\" class=\"size-medium wp-image-454 aligncenter\" src=\"https:\/\/acb-athletisme.fr\/wp-content\/uploads\/2016\/01\/artfichier_330629_4264175_201411093546856-300x200.jpg\" alt=\"artfichier_330629_4264175_201411093546856\" width=\"300\" height=\"200\" srcset=\"https:\/\/acb-athletisme.fr\/wp-content\/uploads\/2016\/01\/artfichier_330629_4264175_201411093546856-300x200.jpg 300w, https:\/\/acb-athletisme.fr\/wp-content\/uploads\/2016\/01\/artfichier_330629_4264175_201411093546856-150x100.jpg 150w, https:\/\/acb-athletisme.fr\/wp-content\/uploads\/2016\/01\/artfichier_330629_4264175_201411093546856.jpg 338w\" sizes=\"auto, (max-width: 300px) 100vw, 300px\" \/><\/p>\n<p>Les trois premiers (eres) de chaque cat\u00e9gorie sont mont\u00e9s sur le podium et ont re\u00e7u une belle coupe.<\/p>\n<p>Leurs sourires en dit long.J&rsquo;ai meme entendu que certains avaient accroch\u00e9 leur dossard sur le mur de leur chambre&#8230;<\/p>\n<p>&nbsp;<\/p>\n<p><strong>Les foul\u00e9es de Beauchamp:<\/strong><\/p>\n<p><img loading=\"lazy\" decoding=\"async\" class=\"alignnone wp-image-455\" src=\"https:\/\/acb-athletisme.fr\/wp-content\/uploads\/2016\/01\/artfichier_330629_4264210_201411095945728-300x200.jpg\" alt=\"artfichier_330629_4264210_201411095945728\" width=\"216\" height=\"144\" srcset=\"https:\/\/acb-athletisme.fr\/wp-content\/uploads\/2016\/01\/artfichier_330629_4264210_201411095945728-300x200.jpg 300w, https:\/\/acb-athletisme.fr\/wp-content\/uploads\/2016\/01\/artfichier_330629_4264210_201411095945728-150x100.jpg 150w, https:\/\/acb-athletisme.fr\/wp-content\/uploads\/2016\/01\/artfichier_330629_4264210_201411095945728.jpg 338w\" sizes=\"auto, (max-width: 216px) 100vw, 216px\" \/> <img loading=\"lazy\" decoding=\"async\" class=\"wp-image-456 alignleft\" src=\"https:\/\/acb-athletisme.fr\/wp-content\/uploads\/2016\/01\/artfichier_330629_4264211_201411090004754-300x200.jpg\" alt=\"artfichier_330629_4264211_201411090004754\" width=\"219\" height=\"146\" srcset=\"https:\/\/acb-athletisme.fr\/wp-content\/uploads\/2016\/01\/artfichier_330629_4264211_201411090004754-300x200.jpg 300w, https:\/\/acb-athletisme.fr\/wp-content\/uploads\/2016\/01\/artfichier_330629_4264211_201411090004754-150x100.jpg 150w, https:\/\/acb-athletisme.fr\/wp-content\/uploads\/2016\/01\/artfichier_330629_4264211_201411090004754.jpg 338w\" sizes=\"auto, (max-width: 219px) 100vw, 219px\" \/><\/p>\n<p style=\"text-align: center;\">\u00a0Voici quelques photos&#8230;prises par Jacques S.<\/p>\n<p style=\"text-align: center;\"><a href=\"https:\/\/plus.google.com\/photos\/106437417340321953364\/albums\/6079392616844854273\">album n\u00b01<\/a><\/p>\n<p style=\"text-align: center;\"><a href=\"https:\/\/plus.google.com\/photos\/106437417340321953364\/albums\/6079427091703017089\">album n\u00b02<\/a><\/p>\n<p style=\"text-align: center;\">un photographe en cache un autre &#8230;. les photos du grand DOM.<\/p>\n<p style=\"text-align: center;\"><a href=\"https:\/\/picasaweb.google.com\/106995217772144175178\/LesFouleesDeBeauchamp2014\">album n\u00b03<\/a><\/p>\n<p>Un grand merci \u00e0 tous les b\u00e9n\u00e9voles, la ville de Beauchamp, nos sponsors et surtout \u00e0 tous les coureurs petits et grands qui ont particip\u00e9 \u00e0 l&rsquo;une des course de cette 5\u00e8me \u00e9dition&#8230;<\/p>\n<p>Isabelle<\/p>\n","protected":false},"excerpt":{"rendered":"<p>Les Foul\u00e9es de Beauchamp 2014\u00a0\u00a0\u00a0\u00a0\u00a0\u00a0\u00a0\u00a0\u00a0\u00a0\u00a0\u00a0\u00a0\u00a0\u00a0\u00a0\u00a0\u00a0\u00a0\u00a0\u00a0\u00a0\u00a0\u00a0\u00a0\u00a0\u00a0\u00a0\u00a0\u00a0\u00a0\u00a0\u00a0\u00a0\u00a0\u00a0\u00a0\u00a0\u00a0\u00a0\u00a0\u00a0\u00a0\u00a0\u00a0\u00a0\u00a0\u00a0\u00a0\u00a0\u00a0\u00a0\u00a0\u00a0\u00a0\u00a0\u00a0\u00a0\u00a0\u00a0\u00a0\u00a0\u00a0\u00a0\u00a0\u00a0\u00a0\u00a0\u00a0\u00a0\u00a0\u00a0\u00a0\u00a0\u00a0\u00a0\u00a0\u00a0 \u00a0Course des enfants:\u00a0Les courses enfants ont \u00e9t\u00e9 un v\u00e9ritable succ\u00e8s: \u00a0Nombre de participants: Eveil athl\u00e9 : 41 Poussins: 17 Benjamins : 13 Minimes: 9 Les trois premiers (eres) de chaque cat\u00e9gorie sont mont\u00e9s sur le podium et ont re\u00e7u une belle coupe. Leurs sourires en dit long.J&rsquo;ai meme entendu que &hellip; <a href=\"https:\/\/acb-athletisme.fr\/?p=450\" class=\"more-link\">Continuer la lecture de <span class=\"screen-reader-text\">Les Foul\u00e9es de Beauchamp 2014<\/span>  <span class=\"meta-nav\">&rarr;<\/span><\/a><\/p>\n","protected":false},"author":1,"featured_media":0,"comment_status":"open","ping_status":"open","sticky":false,"template":"","format":"standard","meta":{"footnotes":""},"categories":[86,70],"tags":[28,68,56],"class_list":["post-450","post","type-post","status-publish","format-standard","hentry","category-lesfoulees","category-recitroute","tag-course","tag-foulees","tag-recit"],"_links":{"self":[{"href":"https:\/\/acb-athletisme.fr\/index.php?rest_route=\/wp\/v2\/posts\/450","targetHints":{"allow":["GET"]}}],"collection":[{"href":"https:\/\/acb-athletisme.fr\/index.php?rest_route=\/wp\/v2\/posts"}],"about":[{"href":"https:\/\/acb-athletisme.fr\/index.php?rest_route=\/wp\/v2\/types\/post"}],"author":[{"embeddable":true,"href":"https:\/\/acb-athletisme.fr\/index.php?rest_route=\/wp\/v2\/users\/1"}],"replies":[{"embeddable":true,"href":"https:\/\/acb-athletisme.fr\/index.php?rest_route=%2Fwp%2Fv2%2Fcomments&post=450"}],"version-history":[{"count":3,"href":"https:\/\/acb-athletisme.fr\/index.php?rest_route=\/wp\/v2\/posts\/450\/revisions"}],"predecessor-version":[{"id":467,"href":"https:\/\/acb-athletisme.fr\/index.php?rest_route=\/wp\/v2\/posts\/450\/revisions\/467"}],"wp:attachment":[{"href":"https:\/\/acb-athletisme.fr\/index.php?rest_route=%2Fwp%2Fv2%2Fmedia&parent=450"}],"wp:term":[{"taxonomy":"category","embeddable":true,"href":"https:\/\/acb-athletisme.fr\/index.php?rest_route=%2Fwp%2Fv2%2Fcategories&post=450"},{"taxonomy":"post_tag","embeddable":true,"href":"https:\/\/acb-athletisme.fr\/index.php?rest_route=%2Fwp%2Fv2%2Ftags&post=450"}],"curies":[{"name":"wp","href":"https:\/\/api.w.org\/{rel}","templated":true}]}}