{"id":396,"date":"2016-02-09T17:33:49","date_gmt":"2016-02-09T16:33:49","guid":{"rendered":"https:\/\/acb-athletisme.fr\/?p=396"},"modified":"2016-02-21T15:27:30","modified_gmt":"2016-02-21T14:27:30","slug":"396","status":"publish","type":"post","link":"https:\/\/acb-athletisme.fr\/?p=396","title":{"rendered":"Assembl\u00e9e g\u00e9n\u00e9rale 2016"},"content":{"rendered":"<h2 style=\"text-align: center;\"><span style=\"color: #0000ff;\">ASSEMBLEE GENERALE<\/span><\/h2>\n<p style=\"text-align: justify;\">Bonjour \u00e0 tous,<\/p>\n<p style=\"text-align: justify;\">Je vous joins la convocation pour l\u2019assembl\u00e9e g\u00e9n\u00e9rale de l\u2019ACB qui aura lieu le <span style=\"color: #ff0000;\"><strong>20 F\u00e9vrier 2016 \u00e0 15h pr\u00e9cise<br \/>\n<\/strong><\/span><\/p>\n<p>Nous souhaitons fortement votre pr\u00e9sence, cela permet de conna\u00eetre son club, sa gestion, ses projets et de d\u00e9battre sur son avenir.<\/p>\n<p style=\"text-align: justify;\">Toutefois, si vous ne pouviez pas y participer, il est imp\u00e9ratif de signer et de remettre votre pouvoir.<\/p>\n<p style=\"text-align: justify;\">Il en manquait l\u2019an dernier, malgr\u00e9 mes relances .<\/p>\n<p style=\"text-align: justify;\">Si certains veulent mettre des questions \u00e0 l\u2019ordre du jour, ils doivent en informer G\u00e9rard Vasseur par mail avec moi en copie, et ceci avant le 19 janvier 2016.<\/p>\n<p style=\"text-align: justify;\">Pour r\u00e9cup\u00e9rer les fichier : <strong><a href=\"https:\/\/acb-athletisme.fr\/wp-content\/uploads\/2016\/01\/ZACB-convoc-AG-POUVOIR-20-FEV-2016-1.pdf\" target=\"_blank\">ZACB convoc AG + POUVOIR 20 FEV 2016<\/a><\/strong><\/p>\n<p style=\"text-align: justify;\">Amiti\u00e9s\u00a0 sportives<\/p>\n<p style=\"text-align: justify;\">Murielle Secr\u00e9taire g\u00e9n\u00e9rale de l\u2019ACB<\/p>\n","protected":false},"excerpt":{"rendered":"<p>ASSEMBLEE GENERALE Bonjour \u00e0 tous, Je vous joins la convocation pour l\u2019assembl\u00e9e g\u00e9n\u00e9rale de l\u2019ACB qui aura lieu le 20 F\u00e9vrier 2016 \u00e0 15h pr\u00e9cise Nous souhaitons fortement votre pr\u00e9sence, cela permet de conna\u00eetre son club, sa gestion, ses projets et de d\u00e9battre sur son avenir. Toutefois, si vous ne pouviez pas y participer, il &hellip; <a href=\"https:\/\/acb-athletisme.fr\/?p=396\" class=\"more-link\">Continuer la lecture de <span class=\"screen-reader-text\">Assembl\u00e9e g\u00e9n\u00e9rale 2016<\/span>  <span class=\"meta-nav\">&rarr;<\/span><\/a><\/p>\n","protected":false},"author":1,"featured_media":0,"comment_status":"open","ping_status":"open","sticky":false,"template":"","format":"standard","meta":{"footnotes":""},"categories":[36,22],"tags":[],"class_list":["post-396","post","type-post","status-publish","format-standard","hentry","category-actualite","category-messages"],"_links":{"self":[{"href":"https:\/\/acb-athletisme.fr\/index.php?rest_route=\/wp\/v2\/posts\/396","targetHints":{"allow":["GET"]}}],"collection":[{"href":"https:\/\/acb-athletisme.fr\/index.php?rest_route=\/wp\/v2\/posts"}],"about":[{"href":"https:\/\/acb-athletisme.fr\/index.php?rest_route=\/wp\/v2\/types\/post"}],"author":[{"embeddable":true,"href":"https:\/\/acb-athletisme.fr\/index.php?rest_route=\/wp\/v2\/users\/1"}],"replies":[{"embeddable":true,"href":"https:\/\/acb-athletisme.fr\/index.php?rest_route=%2Fwp%2Fv2%2Fcomments&post=396"}],"version-history":[{"count":5,"href":"https:\/\/acb-athletisme.fr\/index.php?rest_route=\/wp\/v2\/posts\/396\/revisions"}],"predecessor-version":[{"id":409,"href":"https:\/\/acb-athletisme.fr\/index.php?rest_route=\/wp\/v2\/posts\/396\/revisions\/409"}],"wp:attachment":[{"href":"https:\/\/acb-athletisme.fr\/index.php?rest_route=%2Fwp%2Fv2%2Fmedia&parent=396"}],"wp:term":[{"taxonomy":"category","embeddable":true,"href":"https:\/\/acb-athletisme.fr\/index.php?rest_route=%2Fwp%2Fv2%2Fcategories&post=396"},{"taxonomy":"post_tag","embeddable":true,"href":"https:\/\/acb-athletisme.fr\/index.php?rest_route=%2Fwp%2Fv2%2Ftags&post=396"}],"curies":[{"name":"wp","href":"https:\/\/api.w.org\/{rel}","templated":true}]}}