{"id":3231,"date":"2019-07-06T14:36:54","date_gmt":"2019-07-06T13:36:54","guid":{"rendered":"https:\/\/acb-athletisme.fr\/?p=3231"},"modified":"2019-07-06T14:36:54","modified_gmt":"2019-07-06T13:36:54","slug":"inscriptions-acb-saison-2019-2020","status":"publish","type":"post","link":"https:\/\/acb-athletisme.fr\/?p=3231","title":{"rendered":"Inscriptions ACB Saison 2019-2020"},"content":{"rendered":"<p>bonjour \u00e0 tous,<\/p>\n<p>La validit\u00e9 de la licence 2019 s\u2019arr\u00eate le 31 ao\u00fbt 2019<\/p>\n<p>Pensez d\u00e8s \u00e0 pr\u00e9sent \u00e0 vos d\u00e9marches pour la licence 2020.<\/p>\n<p>Il y a possibilit\u00e9 de pr\u00e9 saisir les licences 2020 pour ceux qui veulent&nbsp;s&rsquo;inscrire \u00e0 des comp\u00e9titions en septembre, je vous en reparlerai.<\/p>\n<p>&nbsp;<\/p>\n<p><strong><span style=\"font-family: 'Calibri',sans-serif;\">BULLETIN D&rsquo; INSCRIPTION :<\/span><\/strong><\/p>\n<p>Le bulletin d&rsquo;inscription a \u00e9t\u00e9 mis \u00e0 jour sur le BLOG pour toutes les sections (Athl\u00e9 adulte, Section jeunes, Marche Nordique et PPG). Pas de changements dans les tarifs.<\/p>\n<p>Il faudra le remplir sur le blog ou sur papier et le <strong><span style=\"font-family: 'Calibri',sans-serif; color: red;\">signer<\/span><\/strong><\/p>\n<p>&nbsp;<\/p>\n<p><strong><span style=\"font-family: 'Calibri',sans-serif; color: black;\">QUESTIONNAIRE DE SANTE OU CERTIFICAT MEDICAL<\/span><\/strong><span style=\"color: black;\">&nbsp;<\/span><\/p>\n<p><span style=\"color: black;\">Certains m&rsquo;ont d\u00e9j\u00e0 envoy\u00e9 leur questionnaire rempli sur leur espace licenci\u00e9, c&rsquo;est&nbsp; parfait.<\/span><\/p>\n<p><span style=\"color: black;\">Pour les autres, d\u00e8s que possible envoyez moi votre questionnaire rempli, c&rsquo;est <strong><span style=\"font-family: 'Calibri',sans-serif;\">OBLIGATOIRE<\/span><\/strong> <\/span><\/p>\n<p><span style=\"color: black;\">pour la prise de licence, le syst\u00e8me reconnait que vous l&rsquo;avez rempli ou pas et je dois en avoir une copie.<\/span><\/p>\n<p>&nbsp;<\/p>\n<p><span style=\"color: black;\">Pour les autres, certificat m\u00e9dical de moins de 6 mois avec mention \u00a0\u00bb apte \u00e0 la pratique du sport \u00a0\u00bb&nbsp;<\/span><span style=\"color: black;\">pour les licences \u00ab\u00a0sant\u00e9\u00a0\u00bb et \u00ab\u00a0apte \u00e0 la pratique du sport en comp\u00e9tition\u00a0\u00bb pour les licences running ou&nbsp;<\/span><span style=\"color: black;\">comp\u00e9tition.<\/span><\/p>\n<p><span style=\"color: black;\">&nbsp;<\/span><\/p>\n<p><strong><span style=\"font-family: 'Calibri',sans-serif; color: black;\">COTISATION<\/span><\/strong><\/p>\n<p><span style=\"color: black;\">ch\u00e8que \u00e0 l&rsquo;ordre de l&rsquo; \u00ab\u00a0AC Beauchamp \u00ab\u00a0, le ch\u00e8que sera tir\u00e9 vers mi janvier 2020.<\/span><\/p>\n<p><span style=\"color: black;\">&nbsp;<\/span><\/p>\n<p><strong><span style=\"font-family: 'Calibri',sans-serif; color: black;\">Un dossier complet est un dossier qui comporte ces 3 \u00e9l\u00e9ments.<\/span><\/strong><\/p>\n<p><strong><span style=\"font-family: 'Calibri',sans-serif; color: black;\">Ne donnez pas de dossiers incomplets \u00e0 vos coachs ou responsables de bureau.<\/span><\/strong><\/p>\n<p><span style=\"color: black;\">&nbsp;<\/span><\/p>\n<p><span style=\"color: black;\">Si vous avez des questions n&rsquo;h\u00e9sitez pas \u00e0 me contacter, je vous joint la <a href=\"https:\/\/acb-athletisme.fr\/wp-content\/uploads\/2019\/07\/circulaire_administrative_20-1.pdf\">circulaire_administrative_2020<\/a>&nbsp;il y a plein d&rsquo;infos tr\u00e9s utiles !<\/span><\/p>\n<p><span style=\"color: black;\">&nbsp;<\/span><\/p>\n<p><span style=\"color: black;\">Sportivement<\/span><\/p>\n<p><span style=\"color: black;\">&nbsp;<\/span><\/p>\n<p><span style=\"color: black;\">s\u00e9bastien <\/span><\/p>\n","protected":false},"excerpt":{"rendered":"<p>bonjour \u00e0 tous, La validit\u00e9 de la licence 2019 s\u2019arr\u00eate le 31 ao\u00fbt 2019 Pensez d\u00e8s \u00e0 pr\u00e9sent \u00e0 vos d\u00e9marches pour la licence 2020. Il y a possibilit\u00e9 de pr\u00e9 saisir les licences 2020 pour ceux qui veulent&nbsp;s&rsquo;inscrire \u00e0 des comp\u00e9titions en septembre, je vous en reparlerai. &nbsp; BULLETIN D&rsquo; INSCRIPTION : Le bulletin &hellip; <a href=\"https:\/\/acb-athletisme.fr\/?p=3231\" class=\"more-link\">Continuer la lecture de <span class=\"screen-reader-text\">Inscriptions ACB Saison 2019-2020<\/span>  <span class=\"meta-nav\">&rarr;<\/span><\/a><\/p>\n","protected":false},"author":1,"featured_media":0,"comment_status":"open","ping_status":"open","sticky":false,"template":"","format":"standard","meta":{"footnotes":""},"categories":[36],"tags":[],"class_list":["post-3231","post","type-post","status-publish","format-standard","hentry","category-actualite"],"_links":{"self":[{"href":"https:\/\/acb-athletisme.fr\/index.php?rest_route=\/wp\/v2\/posts\/3231","targetHints":{"allow":["GET"]}}],"collection":[{"href":"https:\/\/acb-athletisme.fr\/index.php?rest_route=\/wp\/v2\/posts"}],"about":[{"href":"https:\/\/acb-athletisme.fr\/index.php?rest_route=\/wp\/v2\/types\/post"}],"author":[{"embeddable":true,"href":"https:\/\/acb-athletisme.fr\/index.php?rest_route=\/wp\/v2\/users\/1"}],"replies":[{"embeddable":true,"href":"https:\/\/acb-athletisme.fr\/index.php?rest_route=%2Fwp%2Fv2%2Fcomments&post=3231"}],"version-history":[{"count":1,"href":"https:\/\/acb-athletisme.fr\/index.php?rest_route=\/wp\/v2\/posts\/3231\/revisions"}],"predecessor-version":[{"id":3233,"href":"https:\/\/acb-athletisme.fr\/index.php?rest_route=\/wp\/v2\/posts\/3231\/revisions\/3233"}],"wp:attachment":[{"href":"https:\/\/acb-athletisme.fr\/index.php?rest_route=%2Fwp%2Fv2%2Fmedia&parent=3231"}],"wp:term":[{"taxonomy":"category","embeddable":true,"href":"https:\/\/acb-athletisme.fr\/index.php?rest_route=%2Fwp%2Fv2%2Fcategories&post=3231"},{"taxonomy":"post_tag","embeddable":true,"href":"https:\/\/acb-athletisme.fr\/index.php?rest_route=%2Fwp%2Fv2%2Ftags&post=3231"}],"curies":[{"name":"wp","href":"https:\/\/api.w.org\/{rel}","templated":true}]}}