{"id":2976,"date":"2018-10-14T18:05:18","date_gmt":"2018-10-14T17:05:18","guid":{"rendered":"https:\/\/acb-athletisme.fr\/?p=2976"},"modified":"2018-10-14T18:05:18","modified_gmt":"2018-10-14T17:05:18","slug":"20-kids-de-paris","status":"publish","type":"post","link":"https:\/\/acb-athletisme.fr\/?p=2976","title":{"rendered":"20 Kids de Paris"},"content":{"rendered":"<p>Il faisait beau et chaud pour cette premi\u00e8re \u00e9dition\u00a0<a href=\"https:\/\/acb-athletisme.fr\/wp-content\/uploads\/2018\/10\/kids.jpg\"><img loading=\"lazy\" decoding=\"async\" class=\"alignnone size-full wp-image-2977\" src=\"https:\/\/acb-athletisme.fr\/wp-content\/uploads\/2018\/10\/kids.jpg\" alt=\"\" width=\"110\" height=\"70\" \/><\/a><\/p>\n<p>Yo\u00efna et Tenzin \u00e9taient tr\u00e8s motiv\u00e9s pour leur premi\u00e8re course dans Paris. Elle avait lieu le 13 octobre 2018, la veille des 20 km de Paris.<\/p>\n<p>Dans la cat\u00e9gorie des 7 \u00e0 9 ans, le parcours \u00e9tait de 1000 m et empruntait les all\u00e9es du Champs de Mars. Sous le regard de la tour Eiffel, Yo\u00efna a couru \u00e0 son rythme ce km et est arriv\u00e9e dans le dernier tiers, fatigu\u00e9e mais heureuse d\u2019avoir particip\u00e9 \u00e0 cet \u00e9v\u00e9nement parisien. Environ 250 enfants avaient pris le d\u00e9part.<\/p>\n<p>Dans la cat\u00e9gorie des 10 \u00e0 12 ans, le parcours \u00e9tait de 2024 m, un clin d\u2019\u0153il aux JO qui se tiendront \u00e0 Paris en 2024. Pour cette deuxi\u00e8me \u00e9preuve qui comptait \u00e9galement 250 enfants, Tenzin voulait absolument r\u00e9aliser un bon r\u00e9sultat et il l\u2019a fait\u00a0! 20<sup>\u00e8me<\/sup> \u00e0 la fin du premier tour, il a bien tenu le rythme et a m\u00eame r\u00e9ussi \u00e0 gagner quelques places pour terminer 12<sup>\u00e8me<\/sup>. Belle performance sur ce parcours plat mais poussi\u00e9reux et par une temp\u00e9rature de 27\u00b0C.<\/p>\n<p>Chaque participant avait droit \u00e0 un sac rempli de petits cadeaux (jeu de soci\u00e9t\u00e9, maillot technique, casquette, cache cou, \u00a0porte-cl\u00e9s\u2026) et une superbe m\u00e9daille \u00e0 l\u2019arriv\u00e9e.<\/p>\n<p><a href=\"https:\/\/acb-athletisme.fr\/wp-content\/uploads\/2018\/10\/kids-medailles.jpg\"><img loading=\"lazy\" decoding=\"async\" class=\"alignnone size-full wp-image-2978\" src=\"https:\/\/acb-athletisme.fr\/wp-content\/uploads\/2018\/10\/kids-medailles.jpg\" alt=\"\" width=\"605\" height=\"340\" \/><\/a><\/p>\n<p>Au 19\/45 d\u2019M6 samedi soir, un reportage parlait de la course et pour ceux qui avaient de tr\u00e8s bons yeux, on pouvait m\u00eame apercevoir Tenzin au d\u00e9part des 2024 m\u00a0!<\/p>\n<p>Yo\u00efna et Tenzin sont rentr\u00e9s du 20 Kids Paris remont\u00e9s \u00e0 bloc et attendent d\u00e9j\u00e0 la prochaine course avec impatience\u00a0!<\/p>\n<p><a href=\"https:\/\/acb-athletisme.fr\/wp-content\/uploads\/2018\/10\/kids-1.jpg\"><img loading=\"lazy\" decoding=\"async\" class=\"alignnone size-full wp-image-2979\" src=\"https:\/\/acb-athletisme.fr\/wp-content\/uploads\/2018\/10\/kids-1.jpg\" alt=\"\" width=\"605\" height=\"1320\" \/><\/a><\/p>\n","protected":false},"excerpt":{"rendered":"<p>Il faisait beau et chaud pour cette premi\u00e8re \u00e9dition\u00a0 Yo\u00efna et Tenzin \u00e9taient tr\u00e8s motiv\u00e9s pour leur premi\u00e8re course dans Paris. Elle avait lieu le 13 octobre 2018, la veille des 20 km de Paris. Dans la cat\u00e9gorie des 7 \u00e0 9 ans, le parcours \u00e9tait de 1000 m et empruntait les all\u00e9es du Champs &hellip; <a href=\"https:\/\/acb-athletisme.fr\/?p=2976\" class=\"more-link\">Continuer la lecture de <span class=\"screen-reader-text\">20 Kids de Paris<\/span>  <span class=\"meta-nav\">&rarr;<\/span><\/a><\/p>\n","protected":false},"author":1,"featured_media":0,"comment_status":"open","ping_status":"open","sticky":false,"template":"","format":"standard","meta":{"footnotes":""},"categories":[36,70],"tags":[],"class_list":["post-2976","post","type-post","status-publish","format-standard","hentry","category-actualite","category-recitroute"],"_links":{"self":[{"href":"https:\/\/acb-athletisme.fr\/index.php?rest_route=\/wp\/v2\/posts\/2976","targetHints":{"allow":["GET"]}}],"collection":[{"href":"https:\/\/acb-athletisme.fr\/index.php?rest_route=\/wp\/v2\/posts"}],"about":[{"href":"https:\/\/acb-athletisme.fr\/index.php?rest_route=\/wp\/v2\/types\/post"}],"author":[{"embeddable":true,"href":"https:\/\/acb-athletisme.fr\/index.php?rest_route=\/wp\/v2\/users\/1"}],"replies":[{"embeddable":true,"href":"https:\/\/acb-athletisme.fr\/index.php?rest_route=%2Fwp%2Fv2%2Fcomments&post=2976"}],"version-history":[{"count":1,"href":"https:\/\/acb-athletisme.fr\/index.php?rest_route=\/wp\/v2\/posts\/2976\/revisions"}],"predecessor-version":[{"id":2980,"href":"https:\/\/acb-athletisme.fr\/index.php?rest_route=\/wp\/v2\/posts\/2976\/revisions\/2980"}],"wp:attachment":[{"href":"https:\/\/acb-athletisme.fr\/index.php?rest_route=%2Fwp%2Fv2%2Fmedia&parent=2976"}],"wp:term":[{"taxonomy":"category","embeddable":true,"href":"https:\/\/acb-athletisme.fr\/index.php?rest_route=%2Fwp%2Fv2%2Fcategories&post=2976"},{"taxonomy":"post_tag","embeddable":true,"href":"https:\/\/acb-athletisme.fr\/index.php?rest_route=%2Fwp%2Fv2%2Ftags&post=2976"}],"curies":[{"name":"wp","href":"https:\/\/api.w.org\/{rel}","templated":true}]}}