{"id":2823,"date":"2018-05-01T21:43:14","date_gmt":"2018-05-01T20:43:14","guid":{"rendered":"https:\/\/acb-athletisme.fr\/?p=2823"},"modified":"2018-05-01T21:45:31","modified_gmt":"2018-05-01T20:45:31","slug":"cheverny-2018","status":"publish","type":"post","link":"https:\/\/acb-athletisme.fr\/?p=2823","title":{"rendered":"Cheverny 2018"},"content":{"rendered":"<p>Connaissez-vous le point commun entre J\u00e9sus-Christ, Maya l\u2019Abeille, Peter Pan, Captain America, Batman et sa batgirl\u00a0?<\/p>\n<p>Figurez-vous qu\u2019ils s\u2019\u00e9taient tous donn\u00e9s rendez-vous le 15 avril dernier au ch\u00e2teau de CHEVERNY.<\/p>\n<p><a href=\"https:\/\/acb-athletisme.fr\/wp-content\/uploads\/2018\/05\/cheverny3.jpg\"><img loading=\"lazy\" decoding=\"async\" class=\"alignnone size-full wp-image-2824\" src=\"https:\/\/acb-athletisme.fr\/wp-content\/uploads\/2018\/05\/cheverny3.jpg\" alt=\"\" width=\"1631\" height=\"1097\" \/><\/a><\/p>\n<p>Comme \u00e0 son habitude, l\u2019ACB n\u2019\u00e9tait pas en reste. Pour cette 17<sup>e<\/sup> \u00e9dition, notre GO pr\u00e9f\u00e9r\u00e9 (Jean-Marc) avait bien fait les choses en r\u00e9servant les 4 g\u00eetes situ\u00e9s \u00e0 proximit\u00e9 de la ligne d\u2019arriv\u00e9e afin d\u2019accueillir les 21 coureurs, coureuses et accompagnatrices de l\u2019ACB.<\/p>\n<p>Le moment le plus incertain du s\u00e9jour fut sans nul doute, l\u2019attribution des g\u00eetes. Il a bien fallu parlementer 30 minutes avant que tout le monde trouve enfin sa paillasse. Les filles dans les \u00e9tages sup\u00e9rieures et les gars au rez-de-chauss\u00e9e. Reconnaissons que dans l\u2019histoire, Thierry, seul parmi les filles, a bien tir\u00e9 son \u00e9pingle du jeu (n\u2019y voyez aucune allusion grivoise\u00a0J).<\/p>\n<p>Ce sont Sophie et Florence qui ont ouvert les hostilit\u00e9s en prenant le d\u00e9part du 10 km samedi \u00e0 15h\u00a0; avec le soutien de Thierry et Pascale pour Flo et celui de Julie sur les 5 derniers km pour Sophie. La fin du parcours fut marqu\u00e9e par une belle averse, tout le monde \u00e9tait rinc\u00e9, coureurs et spectateurs.<\/p>\n<p>La Pasta Party organis\u00e9e cette ann\u00e9e \u00e0 la salle des f\u00eates de Cour-Cheverny, fut l\u2019occasion d\u2019un d\u00e9placement group\u00e9, histoire d\u2019\u00e9conomiser nos gambettes pour les courses du lendemain. Ainsi, l\u2019ACB a enregistr\u00e9 un record que nul n\u2019a \u00e9gal\u00e9 sur le week-end\u00a0: 16 personnes dans le camion de Pascal dont 13 \u00e0 l\u2019arri\u00e8re (avis unanime\u00a0: jamais 3 km n\u2019ont sembl\u00e9 aussi long).<\/p>\n<p>Le lendemain matin, tout ce petit monde est pr\u00eat. Une derni\u00e8re photo avant le d\u00e9part pour immortaliser le d\u00e9placement. Tout le monde a encore le sourire. Le d\u00e9part est donn\u00e9 \u00e0 9h pr\u00e9cise dans un cadre majestueux, par le marquis de Vibraye en personne, propri\u00e9taire du ch\u00e2teau.<\/p>\n<p><a href=\"https:\/\/acb-athletisme.fr\/wp-content\/uploads\/2018\/05\/cheverny2.jpg\"><img loading=\"lazy\" decoding=\"async\" class=\"alignnone size-full wp-image-2825\" src=\"https:\/\/acb-athletisme.fr\/wp-content\/uploads\/2018\/05\/cheverny2.jpg\" alt=\"\" width=\"1024\" height=\"768\" \/><\/a><\/p>\n<p>L\u2019ensemble des coureurs du marathon, du duo-marathon et du semi-marathon (nouveaut\u00e9 2018), s\u2019\u00e9lance au coup de sifflet. A la sortie des grilles du ch\u00e2teau, la foule est amass\u00e9e pour encourager les participants. Parmi eux, on retrouve Florence, Sophie, Pascale, Zo\u00e9, Julie et Audrey. Merci les filles. Pour le moment, tout ce petit monde a le sourire.<\/p>\n<p>Les kms s\u2019\u00e9grainent. Le temps est id\u00e9al\u00a0: pas de vent, pas de chaleur. Cela n\u2019\u00e9tonnera personne, mais nos 2 abeilles et leur \u00ab\u00a0chauve souris\u00a0\u00bb pr\u00e9f\u00e9r\u00e9e ne se quittent pas (en effet, malgr\u00e9 les tentatives r\u00e9p\u00e9t\u00e9es de Yannick, nos 2 abeilles avaient d\u00e9cid\u00e9 cette ann\u00e9e de prendre le 1<sup>er<\/sup> relais). A mi-parcours c\u2019est Dom qui passe en premier le t\u00e9moin \u00e0 Sonia. On ne les reverra qu\u2019\u00e0 l\u2019arriv\u00e9e.<\/p>\n<p>Autre duo s\u2019\u00e9tant reform\u00e9 pour l\u2019occasion, Pascal et Peggy notre st\u00e9phanoise (\u00ab\u00a0ACB un jour, ACB toujours\u00a0\u00bb, n\u2019est-ce pas Peggy\u00a0!).<\/p>\n<p>Les semi-marathoniens sont les premiers \u00e0 franchir la ligne d\u2019arriv\u00e9e. Thierry en t\u00eate en 1h35, suivi de Sylviane et Jean-Marc quelques minutes plus tard. Ils sont \u00e9galement les premiers \u00e0 rejoindre nos jeunes spectatrices pour encourager les marathoniens pour leurs derniers hectom\u00e8tres. Les sourires et les foul\u00e9es des premiers km ont laiss\u00e9 place \u00e0 des rictus de souffrance. Dur, dur le dernier kilo pour Peter Pan, malgr\u00e9 les encouragements de Sophie, Julie et Audrey venues \u00e0 sa rencontre. Il est \u00e9vident que la poudre magique de la f\u00e9e Clochette a un effet limit\u00e9 dans le temps.<\/p>\n<p>C\u2019est au tour de nos duettistes. Sonia &amp; Dom en 3h42 sont suivis quelques minutes apr\u00e8s par un quatuor d\u2019abeilles et de faux-bourdons (Georges et Yannick). De son c\u00f4t\u00e9, Nico Batman a bien int\u00e9gr\u00e9 le concept de \u00ab\u00a0marathon de la convivialit\u00e9\u00a0\u00bb. Habitu\u00e9 \u00e0 celui du M\u00e9doc, il a su faire honneur au p\u00e2t\u00e9, \u00e0 la charcuterie et au vignoble des bords de Loire, et tant pis pour le chrono. Il est rejoint par sa Batgirl pour une belle photo finish.<\/p>\n<p>Enfin, autre duo s\u2019\u00e9tant reform\u00e9 pour l\u2019occasion, nos 2 papous version Manga\u00a0: Pascal et Peggy notre st\u00e9phanoise (\u00ab\u00a0ACB un jour, ACB toujours\u00a0\u00bb, n\u2019est-ce pas Peggy\u00a0!).<\/p>\n<p>Apr\u00e8s la traditionnelle bi\u00e8re d\u2019arriv\u00e9e, histoire de se d\u00e9salt\u00e9rer et de reprendre des couleurs\u00a0; \u00e0 l\u2019image de nos anc\u00eatres les gaulois, tout ce petit monde s\u2019est retrouv\u00e9 en fin de journ\u00e9e autour d\u2019une table copieusement fournie, \u00e0 refaire la course.<\/p>\n<p>Au fil des ann\u00e9es, la sortie CHEVERNY est devenue un incontournable. Notre GO a d\u2019ailleurs d\u00e9j\u00e0 pr\u00e9-r\u00e9serv\u00e9 2 g\u00eetes. Rendez-vous est donn\u00e9 pour le week-end du 6 &amp; 7 avril 2019.<\/p>\n<p><a href=\"https:\/\/acb-athletisme.fr\/wp-content\/uploads\/2018\/05\/cheverny1.jpg\"><img loading=\"lazy\" decoding=\"async\" class=\"alignnone size-full wp-image-2826\" src=\"https:\/\/acb-athletisme.fr\/wp-content\/uploads\/2018\/05\/cheverny1.jpg\" alt=\"\" width=\"1600\" height=\"1200\" \/><\/a><\/p>\n<p>Enfin, un grand merci \u00e0 nos charmantes spectatrices, Julie, Zo\u00e9 et Audrey. Leurs encouragements nous redonnent de l\u2019\u00e9nergie. Nous leur donnons RDV l\u2019an prochain, peut-\u00eatre sur le 10 km.<\/p>\n<p><a href=\"https:\/\/acb-athletisme.fr\/wp-content\/uploads\/2018\/05\/resultat-cheverny.jpg\"><img loading=\"lazy\" decoding=\"async\" class=\"alignnone size-full wp-image-2829\" src=\"https:\/\/acb-athletisme.fr\/wp-content\/uploads\/2018\/05\/resultat-cheverny.jpg\" alt=\"\" width=\"755\" height=\"447\" \/><\/a><\/p>\n<p>&nbsp;<\/p>\n<p>St\u00e9phane<\/p>\n<p>&nbsp;<\/p>\n","protected":false},"excerpt":{"rendered":"<p>Connaissez-vous le point commun entre J\u00e9sus-Christ, Maya l\u2019Abeille, Peter Pan, Captain America, Batman et sa batgirl\u00a0? Figurez-vous qu\u2019ils s\u2019\u00e9taient tous donn\u00e9s rendez-vous le 15 avril dernier au ch\u00e2teau de CHEVERNY. Comme \u00e0 son habitude, l\u2019ACB n\u2019\u00e9tait pas en reste. Pour cette 17e \u00e9dition, notre GO pr\u00e9f\u00e9r\u00e9 (Jean-Marc) avait bien fait les choses en r\u00e9servant les &hellip; <a href=\"https:\/\/acb-athletisme.fr\/?p=2823\" class=\"more-link\">Continuer la lecture de <span class=\"screen-reader-text\">Cheverny 2018<\/span>  <span class=\"meta-nav\">&rarr;<\/span><\/a><\/p>\n","protected":false},"author":1,"featured_media":0,"comment_status":"open","ping_status":"open","sticky":false,"template":"","format":"standard","meta":{"footnotes":""},"categories":[70],"tags":[],"class_list":["post-2823","post","type-post","status-publish","format-standard","hentry","category-recitroute"],"_links":{"self":[{"href":"https:\/\/acb-athletisme.fr\/index.php?rest_route=\/wp\/v2\/posts\/2823","targetHints":{"allow":["GET"]}}],"collection":[{"href":"https:\/\/acb-athletisme.fr\/index.php?rest_route=\/wp\/v2\/posts"}],"about":[{"href":"https:\/\/acb-athletisme.fr\/index.php?rest_route=\/wp\/v2\/types\/post"}],"author":[{"embeddable":true,"href":"https:\/\/acb-athletisme.fr\/index.php?rest_route=\/wp\/v2\/users\/1"}],"replies":[{"embeddable":true,"href":"https:\/\/acb-athletisme.fr\/index.php?rest_route=%2Fwp%2Fv2%2Fcomments&post=2823"}],"version-history":[{"count":3,"href":"https:\/\/acb-athletisme.fr\/index.php?rest_route=\/wp\/v2\/posts\/2823\/revisions"}],"predecessor-version":[{"id":2830,"href":"https:\/\/acb-athletisme.fr\/index.php?rest_route=\/wp\/v2\/posts\/2823\/revisions\/2830"}],"wp:attachment":[{"href":"https:\/\/acb-athletisme.fr\/index.php?rest_route=%2Fwp%2Fv2%2Fmedia&parent=2823"}],"wp:term":[{"taxonomy":"category","embeddable":true,"href":"https:\/\/acb-athletisme.fr\/index.php?rest_route=%2Fwp%2Fv2%2Fcategories&post=2823"},{"taxonomy":"post_tag","embeddable":true,"href":"https:\/\/acb-athletisme.fr\/index.php?rest_route=%2Fwp%2Fv2%2Ftags&post=2823"}],"curies":[{"name":"wp","href":"https:\/\/api.w.org\/{rel}","templated":true}]}}