{"id":2747,"date":"2017-12-11T18:07:36","date_gmt":"2017-12-11T17:07:36","guid":{"rendered":"https:\/\/acb-athletisme.fr\/?p=2747"},"modified":"2017-12-11T18:07:36","modified_gmt":"2017-12-11T17:07:36","slug":"marche-nordique-de-taverny-2017","status":"publish","type":"post","link":"https:\/\/acb-athletisme.fr\/?p=2747","title":{"rendered":"Marche Nordique de Taverny 2017"},"content":{"rendered":"<p>dimanche&nbsp;3 d\u00e9cembre<\/p>\n<p>Un classique maintenant pour l&rsquo;AC Beauchamp o\u00f9 les clubs de la r\u00e9gion se retrouvent pour une petite comp\u00e9tition r\u00e9gionale. Un parcours d&rsquo;un peu plus de 9 kms, simplifi\u00e9 cette ann\u00e9e pour \u00e9viter les multiples&nbsp;erreurs&nbsp; de l&rsquo;ann\u00e9e derni\u00e8re !<\/p>\n<p>&nbsp; &nbsp; &nbsp;&nbsp;<a href=\"https:\/\/acb-athletisme.fr\/wp-content\/uploads\/2017\/12\/taverny-2017-1.png\"><img loading=\"lazy\" decoding=\"async\" class=\"alignnone size-full wp-image-2750\" src=\"https:\/\/acb-athletisme.fr\/wp-content\/uploads\/2017\/12\/taverny-2017-1.png\" alt=\"\" width=\"1599\" height=\"1200\" srcset=\"https:\/\/acb-athletisme.fr\/wp-content\/uploads\/2017\/12\/taverny-2017-1.png 1599w, https:\/\/acb-athletisme.fr\/wp-content\/uploads\/2017\/12\/taverny-2017-1-150x113.png 150w, https:\/\/acb-athletisme.fr\/wp-content\/uploads\/2017\/12\/taverny-2017-1-300x225.png 300w, https:\/\/acb-athletisme.fr\/wp-content\/uploads\/2017\/12\/taverny-2017-1-1024x768.png 1024w\" sizes=\"auto, (max-width: 1599px) 100vw, 1599px\" \/><\/a><\/p>\n<p>&nbsp;<\/p>\n<p>&nbsp; &nbsp; &nbsp; &nbsp;<a href=\"https:\/\/acb-athletisme.fr\/wp-content\/uploads\/2017\/12\/Taverny-2017-2.png\"><img loading=\"lazy\" decoding=\"async\" class=\"alignnone size-full wp-image-2751\" src=\"https:\/\/acb-athletisme.fr\/wp-content\/uploads\/2017\/12\/Taverny-2017-2.png\" alt=\"\" width=\"1599\" height=\"1200\" srcset=\"https:\/\/acb-athletisme.fr\/wp-content\/uploads\/2017\/12\/Taverny-2017-2.png 1599w, https:\/\/acb-athletisme.fr\/wp-content\/uploads\/2017\/12\/Taverny-2017-2-150x113.png 150w, https:\/\/acb-athletisme.fr\/wp-content\/uploads\/2017\/12\/Taverny-2017-2-300x225.png 300w, https:\/\/acb-athletisme.fr\/wp-content\/uploads\/2017\/12\/Taverny-2017-2-1024x768.png 1024w\" sizes=\"auto, (max-width: 1599px) 100vw, 1599px\" \/><\/a><\/p>\n<p>&nbsp;<\/p>\n<p>14 participants du club malgr\u00e9 une m\u00e9t\u00e9o glaciale et un lendemain de soir\u00e9e club un peu arros\u00e9 pour certains&#8230;<\/p>\n<p>Le d\u00e9part a \u00e9t\u00e9 tr\u00e8s rapide et jean-Paul qui s&rsquo;est impos\u00e9 d\u00e8s le d\u00e9part restera en t\u00eate jusqu&rsquo;\u00e0 la fin malgr\u00e9 quelques marcheurs-coureurs. Les autres concurrents se sont donn\u00e9s \u00e0 fond mis \u00e0 part Nathalie qui souffrait d&rsquo;un torticolis et Alain dont l&rsquo;attache d&rsquo;un b\u00e2ton a cass\u00e9&nbsp; lui donnant donc un sacr\u00e9 handicap.<\/p>\n<p>Cette \u00e9preuve a \u00e9t\u00e9 suivie d&rsquo;un pot pique-nique&nbsp; r\u00e9confortant sous le barnum du club et s&rsquo;est termin\u00e9 par un bon vin chaud.<\/p>\n<p><a href=\"https:\/\/acb-athletisme.fr\/wp-content\/uploads\/2017\/12\/Taverny-2017-3.png\"><img loading=\"lazy\" decoding=\"async\" class=\"alignnone size-full wp-image-2752\" src=\"https:\/\/acb-athletisme.fr\/wp-content\/uploads\/2017\/12\/Taverny-2017-3.png\" alt=\"\" width=\"720\" height=\"960\" srcset=\"https:\/\/acb-athletisme.fr\/wp-content\/uploads\/2017\/12\/Taverny-2017-3.png 720w, https:\/\/acb-athletisme.fr\/wp-content\/uploads\/2017\/12\/Taverny-2017-3-113x150.png 113w, https:\/\/acb-athletisme.fr\/wp-content\/uploads\/2017\/12\/Taverny-2017-3-225x300.png 225w\" sizes=\"auto, (max-width: 720px) 100vw, 720px\" \/><\/a><\/p>\n<p>R\u00e9sultat sur 83 participant<\/p>\n<p><a href=\"https:\/\/acb-athletisme.fr\/wp-content\/uploads\/2017\/12\/resultats.jpg\"><img loading=\"lazy\" decoding=\"async\" class=\"alignnone size-full wp-image-2748\" src=\"https:\/\/acb-athletisme.fr\/wp-content\/uploads\/2017\/12\/resultats.jpg\" alt=\"\" width=\"594\" height=\"395\" srcset=\"https:\/\/acb-athletisme.fr\/wp-content\/uploads\/2017\/12\/resultats.jpg 594w, https:\/\/acb-athletisme.fr\/wp-content\/uploads\/2017\/12\/resultats-150x100.jpg 150w, https:\/\/acb-athletisme.fr\/wp-content\/uploads\/2017\/12\/resultats-300x199.jpg 300w\" sizes=\"auto, (max-width: 594px) 100vw, 594px\" \/><\/a><\/p>\n","protected":false},"excerpt":{"rendered":"<p>dimanche&nbsp;3 d\u00e9cembre Un classique maintenant pour l&rsquo;AC Beauchamp o\u00f9 les clubs de la r\u00e9gion se retrouvent pour une petite comp\u00e9tition r\u00e9gionale. Un parcours d&rsquo;un peu plus de 9 kms, simplifi\u00e9 cette ann\u00e9e pour \u00e9viter les multiples&nbsp;erreurs&nbsp; de l&rsquo;ann\u00e9e derni\u00e8re ! &nbsp; &nbsp; &nbsp;&nbsp; &nbsp; &nbsp; &nbsp; &nbsp; &nbsp; &nbsp; 14 participants du club malgr\u00e9 une &hellip; <a href=\"https:\/\/acb-athletisme.fr\/?p=2747\" class=\"more-link\">Continuer la lecture de <span class=\"screen-reader-text\">Marche Nordique de Taverny 2017<\/span>  <span class=\"meta-nav\">&rarr;<\/span><\/a><\/p>\n","protected":false},"author":1,"featured_media":0,"comment_status":"open","ping_status":"open","sticky":false,"template":"","format":"standard","meta":{"footnotes":""},"categories":[73],"tags":[],"class_list":["post-2747","post","type-post","status-publish","format-standard","hentry","category-recitmarchenordique"],"_links":{"self":[{"href":"https:\/\/acb-athletisme.fr\/index.php?rest_route=\/wp\/v2\/posts\/2747","targetHints":{"allow":["GET"]}}],"collection":[{"href":"https:\/\/acb-athletisme.fr\/index.php?rest_route=\/wp\/v2\/posts"}],"about":[{"href":"https:\/\/acb-athletisme.fr\/index.php?rest_route=\/wp\/v2\/types\/post"}],"author":[{"embeddable":true,"href":"https:\/\/acb-athletisme.fr\/index.php?rest_route=\/wp\/v2\/users\/1"}],"replies":[{"embeddable":true,"href":"https:\/\/acb-athletisme.fr\/index.php?rest_route=%2Fwp%2Fv2%2Fcomments&post=2747"}],"version-history":[{"count":2,"href":"https:\/\/acb-athletisme.fr\/index.php?rest_route=\/wp\/v2\/posts\/2747\/revisions"}],"predecessor-version":[{"id":2753,"href":"https:\/\/acb-athletisme.fr\/index.php?rest_route=\/wp\/v2\/posts\/2747\/revisions\/2753"}],"wp:attachment":[{"href":"https:\/\/acb-athletisme.fr\/index.php?rest_route=%2Fwp%2Fv2%2Fmedia&parent=2747"}],"wp:term":[{"taxonomy":"category","embeddable":true,"href":"https:\/\/acb-athletisme.fr\/index.php?rest_route=%2Fwp%2Fv2%2Fcategories&post=2747"},{"taxonomy":"post_tag","embeddable":true,"href":"https:\/\/acb-athletisme.fr\/index.php?rest_route=%2Fwp%2Fv2%2Ftags&post=2747"}],"curies":[{"name":"wp","href":"https:\/\/api.w.org\/{rel}","templated":true}]}}