{"id":2071,"date":"2017-09-23T21:45:15","date_gmt":"2017-09-23T20:45:15","guid":{"rendered":"https:\/\/acb-athletisme.fr\/?p=2071"},"modified":"2019-06-16T17:36:57","modified_gmt":"2019-06-16T16:36:57","slug":"challenge-courses-et-marches-acb","status":"publish","type":"post","link":"https:\/\/acb-athletisme.fr\/?p=2071","title":{"rendered":"Challenge Courses et Marches ACB"},"content":{"rendered":"<p style=\"text-align: left;\"><strong><span style=\"text-decoration: underline;\">Challenge sportif&nbsp; &nbsp;&nbsp; &nbsp; &nbsp; &nbsp; &nbsp; &nbsp; &nbsp; &nbsp; &nbsp; &nbsp; &nbsp; &nbsp; &nbsp; &nbsp; &nbsp; &nbsp; &nbsp; &nbsp; &nbsp; &nbsp; &nbsp; &nbsp; &nbsp; &nbsp; &nbsp; &nbsp; &nbsp; &nbsp; &nbsp; &nbsp; &nbsp; &nbsp; &nbsp;&nbsp;&nbsp; &nbsp;&nbsp; &nbsp;&nbsp; &nbsp;&nbsp; &nbsp;&nbsp; &nbsp;<a href=\"https:\/\/acb-athletisme.fr\/wp-content\/uploads\/2015\/11\/big_artfichier_330629_3236007_201312210432253.png\" rel=\"attachment wp-att-183\"><img loading=\"lazy\" decoding=\"async\" class=\"alignnone wp-image-183\" src=\"https:\/\/acb-athletisme.fr\/wp-content\/uploads\/2015\/11\/big_artfichier_330629_3236007_201312210432253.png\" alt=\"big_artfichier_330629_3236007_201312210432253\" width=\"90\" height=\"91\" srcset=\"https:\/\/acb-athletisme.fr\/wp-content\/uploads\/2015\/11\/big_artfichier_330629_3236007_201312210432253.png 211w, https:\/\/acb-athletisme.fr\/wp-content\/uploads\/2015\/11\/big_artfichier_330629_3236007_201312210432253-150x150.png 150w\" sizes=\"auto, (max-width: 90px) 100vw, 90px\" \/><\/a><\/span><\/strong><\/p>\n<p style=\"text-align: left;\">Une nouvelle saison d\u00e9marre \u00e0 l&rsquo;ACB. Cette ann\u00e9e encore tous les coureurs et marcheurs feront briller les couleurs du club aux 4 coins de la France et m\u00eame peut-\u00eatre au del\u00e0.<\/p>\n<p style=\"text-align: left;\">Pour pimenter cette&nbsp;saison nous vos proposons de mettre en place un <span style=\"color: #0000ff;\"><strong>Challenge Club<\/strong><span style=\"color: #000000;\"> ouvert \u00e0 tous les licenci\u00e9s (coureurs et marcheurs).&nbsp;<\/span><\/span><\/p>\n<p style=\"text-align: left;\">Le principe du challenge est simple; si vous participez \u00e0 une comp\u00e9tition, vous marquez des points, si vous battez votre record, vous marquez des points, etc.. Vous trouverez ci-dessous toutes les possibilit\u00e9 propos\u00e9es pour obtenir&nbsp;des points. Les bar\u00e8mes en place se veulent&nbsp;\u00e9quitables (d\u00e9butants\/exp\u00e9riment\u00e9, jeunes\/moins jeunes&#8230;). Tout le monde a ses chances (des points peuvent \u00eatre obtenus avec des activit\u00e9s extras-sportives)<\/p>\n<p style=\"text-align: left;\">L&rsquo;objectif est bien s\u00fbr d&rsquo;obtenir le plus de points possible sur la saison. Le pr\u00e9sident a promis de tr\u00e8s belles&nbsp;r\u00e9compenses aux laur\u00e9ats.<\/p>\n<p style=\"text-align: left;\">Pour que vos points soient comptabilis\u00e9s, il vous suffit d&rsquo;envoyer un mail \u00e0 l&rsquo;adresse : <span style=\"color: #ff0000;\"><strong>blogacb@acb-athletisme.fr<\/strong><\/span> pr\u00e9cisant :<\/p>\n<ul>\n<li style=\"text-align: left;\">La date et le nom de la course<\/li>\n<li style=\"text-align: left;\">Le nombre de kilom\u00e8tres<\/li>\n<li style=\"text-align: left;\">Le temps (en pr\u00e9cisant s&rsquo;il s&rsquo;agit de votre record personnel)<\/li>\n<li style=\"text-align: left;\">La place (en pr\u00e9cisant si il y a un podium)<\/li>\n<\/ul>\n<p style=\"text-align: left;\"><strong>Pour que les points soient comptabilis\u00e9s, les mails doivent \u00eatre envoy\u00e9s la semaine suivant la course<\/strong><\/p>\n<p style=\"text-align: center;\"><a href=\"https:\/\/acb-athletisme.fr\/wp-content\/uploads\/2017\/09\/classchalleng.jpg\"><img loading=\"lazy\" decoding=\"async\" class=\"alignnone size-full wp-image-3207\" src=\"https:\/\/acb-athletisme.fr\/wp-content\/uploads\/2017\/09\/classchalleng.jpg\" alt=\"\" width=\"1170\" height=\"789\"><\/a><\/p>\n","protected":false},"excerpt":{"rendered":"<p>Challenge sportif&nbsp; &nbsp;&nbsp; &nbsp; &nbsp; &nbsp; &nbsp; &nbsp; &nbsp; &nbsp; &nbsp; &nbsp; &nbsp; &nbsp; &nbsp; &nbsp; &nbsp; &nbsp; &nbsp; &nbsp; &nbsp; &nbsp; &nbsp; &nbsp; &nbsp; &nbsp; &nbsp; &nbsp; &nbsp; &nbsp; &nbsp; &nbsp; &nbsp; &nbsp; &nbsp;&nbsp;&nbsp; &nbsp;&nbsp; &nbsp;&nbsp; &nbsp;&nbsp; &nbsp;&nbsp; &nbsp; Une nouvelle saison d\u00e9marre \u00e0 l&rsquo;ACB. Cette ann\u00e9e encore tous les coureurs et marcheurs feront &hellip; <a href=\"https:\/\/acb-athletisme.fr\/?p=2071\" class=\"more-link\">Continuer la lecture de <span class=\"screen-reader-text\">Challenge Courses et Marches ACB<\/span>  <span class=\"meta-nav\">&rarr;<\/span><\/a><\/p>\n","protected":false},"author":1,"featured_media":0,"comment_status":"open","ping_status":"open","sticky":false,"template":"","format":"image","meta":{"footnotes":""},"categories":[36],"tags":[],"class_list":["post-2071","post","type-post","status-publish","format-image","hentry","category-actualite","post_format-post-format-image"],"_links":{"self":[{"href":"https:\/\/acb-athletisme.fr\/index.php?rest_route=\/wp\/v2\/posts\/2071","targetHints":{"allow":["GET"]}}],"collection":[{"href":"https:\/\/acb-athletisme.fr\/index.php?rest_route=\/wp\/v2\/posts"}],"about":[{"href":"https:\/\/acb-athletisme.fr\/index.php?rest_route=\/wp\/v2\/types\/post"}],"author":[{"embeddable":true,"href":"https:\/\/acb-athletisme.fr\/index.php?rest_route=\/wp\/v2\/users\/1"}],"replies":[{"embeddable":true,"href":"https:\/\/acb-athletisme.fr\/index.php?rest_route=%2Fwp%2Fv2%2Fcomments&post=2071"}],"version-history":[{"count":5,"href":"https:\/\/acb-athletisme.fr\/index.php?rest_route=\/wp\/v2\/posts\/2071\/revisions"}],"predecessor-version":[{"id":3208,"href":"https:\/\/acb-athletisme.fr\/index.php?rest_route=\/wp\/v2\/posts\/2071\/revisions\/3208"}],"wp:attachment":[{"href":"https:\/\/acb-athletisme.fr\/index.php?rest_route=%2Fwp%2Fv2%2Fmedia&parent=2071"}],"wp:term":[{"taxonomy":"category","embeddable":true,"href":"https:\/\/acb-athletisme.fr\/index.php?rest_route=%2Fwp%2Fv2%2Fcategories&post=2071"},{"taxonomy":"post_tag","embeddable":true,"href":"https:\/\/acb-athletisme.fr\/index.php?rest_route=%2Fwp%2Fv2%2Ftags&post=2071"}],"curies":[{"name":"wp","href":"https:\/\/api.w.org\/{rel}","templated":true}]}}