{"id":1163,"date":"2017-04-11T20:58:10","date_gmt":"2017-04-11T19:58:10","guid":{"rendered":"https:\/\/acb-athletisme.fr\/?p=1163"},"modified":"2017-04-11T20:58:10","modified_gmt":"2017-04-11T19:58:10","slug":"championnat-dile-de-france-de-marche-nordique-lequipe-de-lacb-teintee-dor-et-dargent","status":"publish","type":"post","link":"https:\/\/acb-athletisme.fr\/?p=1163","title":{"rendered":"Championnat d&rsquo;Ile-de-France de Marche Nordique : l&rsquo;\u00e9quipe de l&rsquo;ACB teint\u00e9e d&rsquo;or et d&rsquo;argent !!!"},"content":{"rendered":"<p style=\"text-align: justify;\">Dimanche 2 avril, d\u00e9part pr\u00e9vu vers 8h pour 8 marcheurs de l&rsquo;ACB (Corinne, Colette, Patricia, Pierrette, Nathalie, Jean-Pierre, Fr\u00e9d\u00e9ric et Jean-Paul) en direction du ch\u00e2teau de Chamarande pour disputer la Nordique Essonnienne, \u00e9preuve du Marche Nordique Tour (support au Championnat d&rsquo;Ile-de-France) et rendez-vous de la plupart des meilleurs marcheurs nationaux. Une belle \u00e9preuve de 14km sur un parcours un peu technique dans un bien joli parc : 4 boucles de 3,5km \u00e0 effectuer devant des juges post\u00e9s tout le long du parcours, pr\u00eats \u00e0 d\u00e9gainer le fameux carton jaune synonyme de tour de p\u00e9nalit\u00e9 (voire de disqualification au bout de 4 cartons re\u00e7us) !!! Un d\u00e9part de course pr\u00e9vu \u00e0 11h pour le femmes, suivi du d\u00e9part des hommes \u00e0 11h15.<\/p>\n<p><a href=\"https:\/\/acb-athletisme.fr\/wp-content\/uploads\/2017\/04\/MN-IdF-Atelier.jpg\" rel=\"attachment wp-att-1164\"><img loading=\"lazy\" decoding=\"async\" class=\"alignnone  wp-image-1164 aligncenter\" src=\"https:\/\/acb-athletisme.fr\/wp-content\/uploads\/2017\/04\/MN-IdF-Atelier.jpg\" alt=\"MN IdF Atelier\" width=\"239\" height=\"319\" \/><\/a><\/p>\n<p style=\"text-align: justify;\">Le grand jour pour Patricia, Pierrette, Fr\u00e9d\u00e9ric et Jean-Pierre plong\u00e9s pour la premi\u00e8re fois dans le grand bain de l&rsquo;univers impitoyable du Marche Nordique Tour !!! Deux podiums potentiels pour l&rsquo;ACB en M2F et M2M sur le championnat d&rsquo;Ile-de-France. Difficile de pr\u00e9tendre au g\u00e9n\u00e9ral sachant que certains clubs franciliens ont b\u00e9n\u00e9fici\u00e9 d&rsquo;un mercato int\u00e9ressant avec l&rsquo;arriv\u00e9e d&rsquo;athl\u00e8tes de bons niveaux venus de province ; et puis \u00e0 noter \u00e9galement la venue de marcheurs athl\u00e9tiques sur notre discipline. Donc une concurrence de plus en plus forte !!!<\/p>\n<p style=\"text-align: justify;\">Arriv\u00e9s entre 9h et 9h15 pour la plupart d&rsquo;entre nous, petite file d&rsquo;attente pour r\u00e9cup\u00e9rer nos dossards puis atelier \u00ab\u00a0\u00e9pinglage\u00a0\u00bb !!! Un grand merci \u00e0 ces dames qui sont venues en aide \u00e0 certains d&rsquo;entre nous !!! Nous retrouvons \u00e9galement sur place Alain Neuville qui a voyag\u00e9 avec son club d&rsquo;adoption.<\/p>\n<p style=\"text-align: justify;\">Ensuite direction l&rsquo;\u00e9chauffement. Corinne prend en charge l&rsquo;\u00e9quipe pendant que j&rsquo;effectue une pr\u00e9paration sp\u00e9cifique afin de faire monter le cardio.\u00a0Mais \u00e0 10h15 : probl\u00e8me !!! Colette et Nathalie se sont toujours pas arriv\u00e9es alors que les principales concurrentes de Colette d\u00e9roulent un \u00e9chauffement bien r\u00f4d\u00e9 avec leurs \u00e9quipes. Que se passe-t-il? Ouf, elles arrivent !!! D\u00e8s l&rsquo;arriv\u00e9e de ces dames, improvisation d&rsquo;un \u00e9chauffement pour Colette afin de faire monter le cardio et surtout de la mettre dans de bonnes conditions par rapport \u00e0 ces concurrentes.<\/p>\n<p style=\"text-align: justify;\">11h et 11h15 : d\u00e9parts respectifs de femmes puis des hommes !!! Un d\u00e9part rapide pour les deux groupes, une allure assez intense sur un beau parcours, une pluie de carton jaunes &#8230; et un bilan satisfaisant pour l&rsquo;AC Beauchamp :<\/p>\n<p style=\"text-align: justify;\"><u>Chez les dames :<\/u><\/p>\n<p style=\"text-align: justify;\">&#8211; Colette confirme les progr\u00e8s li\u00e9s \u00e0 sa double discipline Trail et MN : r\u00e9sultat une excellente 11\u00e8me place sur la MNT, une belle 5\u00e8me place au g\u00e9n\u00e9ral IdF et surtout une place de vice-championne d&rsquo;Ile-de-France en Master 2. F\u00e9licitations !!!<\/p>\n<p style=\"text-align: justify;\">&#8211; Corinne, un peu en dedans sur cette \u00e9preuve, prend une tr\u00e8s belle 8\u00e8me place en M2F et une 19\u00e8me place au sein d&rsquo;un classement g\u00e9n\u00e9ral \u00a0f\u00e9minin IdF bien relev\u00e9.<\/p>\n<p style=\"text-align: justify;\">&#8211; Un sprint haletant entre Nathalie et Patricia (qui ne cesse de progresser) terminant respectivement 32\u00e8me et 33\u00e8me au classement f\u00e9minin IdF \u00e0 4 secondes d&rsquo;\u00e9cart.<\/p>\n<p style=\"text-align: justify;\">&#8211; Pierrette remplit son objectif personnel en terminant l&rsquo;\u00e9preuve en 2h07&rsquo;22, largement en dessous du temps qu&rsquo;elle avait estim\u00e9. Bravo pour cette premi\u00e8re !!!<\/p>\n<p style=\"text-align: justify;\"><a href=\"https:\/\/acb-athletisme.fr\/wp-content\/uploads\/2017\/04\/MN-IdF-Podium-F.jpg\" rel=\"attachment wp-att-1166\"><img loading=\"lazy\" decoding=\"async\" class=\"wp-image-1166 aligncenter\" src=\"https:\/\/acb-athletisme.fr\/wp-content\/uploads\/2017\/04\/MN-IdF-Podium-F.jpg\" alt=\"MN IdF Podium F\" width=\"220\" height=\"298\" \/><\/a><\/p>\n<p style=\"text-align: justify;\"><u>Chez les hommes<\/u><\/p>\n<p style=\"text-align: justify;\">&#8211; Alain Neuville r\u00e9alise une belle performance en terminant 9\u00e8me M1<\/p>\n<p style=\"text-align: justify;\">&#8211; Pour sa premi\u00e8re comp\u00e9tition, Jean-Pierre r\u00e9alise \u00e9galement une belle \u00e9preuve avec un temps de 1h53&rsquo;30 (soit pr\u00e8s de 7,5km\/h) et sans aucune p\u00e9nalit\u00e9.<\/p>\n<p style=\"text-align: justify;\">&#8211; Belle prestation \u00e9galement de Fr\u00e9d\u00e9ric qui boucle ce parcours assez technique \u00e0 certains endroits\u00a0en un peu plus de 2h02.<\/p>\n<p style=\"text-align: justify;\">&#8211; Pour ma part, une 6\u00e8me place sur la MNT (2\u00e8me M2), une 2nde place au g\u00e9n\u00e9ral IdF (inesp\u00e9r\u00e9 dans les deux cas !!!) et un titre de champion d&rsquo;Ile-de-France en Master 2 homme.<\/p>\n<p style=\"text-align: justify;\"><a href=\"https:\/\/acb-athletisme.fr\/wp-content\/uploads\/2017\/04\/MN-IdF-Podium-H.jpg\" rel=\"attachment wp-att-1167\"><img loading=\"lazy\" decoding=\"async\" class=\"wp-image-1167 aligncenter\" src=\"https:\/\/acb-athletisme.fr\/wp-content\/uploads\/2017\/04\/MN-IdF-Podium-H.jpg\" alt=\"MN IdF Podium H\" width=\"279\" height=\"358\" \/><\/a><\/p>\n<p style=\"text-align: justify;\">\n<p style=\"text-align: justify;\">&#8230; Et un classement honorable pour notre \u00e9quipe avec une10\u00e8me place sur la MNT et une belle 5\u00e8me place au championnat d&rsquo;Ile-de-France, ce qui m\u00e9ritait bien un d\u00e9jeuner sur l&rsquo;herbe pour conclure cette belle journ\u00e9e !!!<\/p>\n<p style=\"text-align: justify;\">Bravo \u00e0 l&rsquo;\u00e9quipe !!! Un grand merci \u00e0 tous les marcheurs, et aux runners de l&rsquo;ACB v\u00e9ritable sources d&rsquo;\u00e9mulation \u00a0!!! Les efforts sont certes individuels, mais les r\u00e9sultats collectifs et construits ensemble. Un grand merci \u00e0 Ma\u00eetre YODA (Alain) notre m\u00e9tronome des tours de piste et de nos entra\u00eenements, \u00e0 SkyWalker (Jean-Marc) pour son accompagnement technique, les ma\u00eetres artisans de cette r\u00e9ussite d&rsquo;\u00e9quipe !!!<\/p>\n<p style=\"text-align: justify;\">\n<p style=\"text-align: justify;\"><a href=\"https:\/\/acb-athletisme.fr\/wp-content\/uploads\/2017\/04\/MN-IdF-d\u00e9jeuner-sur-lherbe.jpg\" rel=\"attachment wp-att-1165\"><img loading=\"lazy\" decoding=\"async\" class=\"alignnone  wp-image-1165\" src=\"https:\/\/acb-athletisme.fr\/wp-content\/uploads\/2017\/04\/MN-IdF-d\u00e9jeuner-sur-lherbe.jpg\" alt=\"MN IdF d\u00e9jeuner sur l'herbe\" width=\"316\" height=\"237\" \/><\/a><\/p>\n<p style=\"text-align: justify;\">\n<p style=\"text-align: justify;\">Jean-Paul<\/p>\n<p style=\"text-align: justify;\">\n","protected":false},"excerpt":{"rendered":"<p>Dimanche 2 avril, d\u00e9part pr\u00e9vu vers 8h pour 8 marcheurs de l&rsquo;ACB (Corinne, Colette, Patricia, Pierrette, Nathalie, Jean-Pierre, Fr\u00e9d\u00e9ric et Jean-Paul) en direction du ch\u00e2teau de Chamarande pour disputer la Nordique Essonnienne, \u00e9preuve du Marche Nordique Tour (support au Championnat d&rsquo;Ile-de-France) et rendez-vous de la plupart des meilleurs marcheurs nationaux. Une belle \u00e9preuve de 14km &hellip; <a href=\"https:\/\/acb-athletisme.fr\/?p=1163\" class=\"more-link\">Continuer la lecture de <span class=\"screen-reader-text\">Championnat d&rsquo;Ile-de-France de Marche Nordique : l&rsquo;\u00e9quipe de l&rsquo;ACB teint\u00e9e d&rsquo;or et d&rsquo;argent !!!<\/span>  <span class=\"meta-nav\">&rarr;<\/span><\/a><\/p>\n","protected":false},"author":1,"featured_media":0,"comment_status":"open","ping_status":"open","sticky":false,"template":"","format":"standard","meta":{"footnotes":""},"categories":[73],"tags":[],"class_list":["post-1163","post","type-post","status-publish","format-standard","hentry","category-recitmarchenordique"],"_links":{"self":[{"href":"https:\/\/acb-athletisme.fr\/index.php?rest_route=\/wp\/v2\/posts\/1163","targetHints":{"allow":["GET"]}}],"collection":[{"href":"https:\/\/acb-athletisme.fr\/index.php?rest_route=\/wp\/v2\/posts"}],"about":[{"href":"https:\/\/acb-athletisme.fr\/index.php?rest_route=\/wp\/v2\/types\/post"}],"author":[{"embeddable":true,"href":"https:\/\/acb-athletisme.fr\/index.php?rest_route=\/wp\/v2\/users\/1"}],"replies":[{"embeddable":true,"href":"https:\/\/acb-athletisme.fr\/index.php?rest_route=%2Fwp%2Fv2%2Fcomments&post=1163"}],"version-history":[{"count":1,"href":"https:\/\/acb-athletisme.fr\/index.php?rest_route=\/wp\/v2\/posts\/1163\/revisions"}],"predecessor-version":[{"id":1168,"href":"https:\/\/acb-athletisme.fr\/index.php?rest_route=\/wp\/v2\/posts\/1163\/revisions\/1168"}],"wp:attachment":[{"href":"https:\/\/acb-athletisme.fr\/index.php?rest_route=%2Fwp%2Fv2%2Fmedia&parent=1163"}],"wp:term":[{"taxonomy":"category","embeddable":true,"href":"https:\/\/acb-athletisme.fr\/index.php?rest_route=%2Fwp%2Fv2%2Fcategories&post=1163"},{"taxonomy":"post_tag","embeddable":true,"href":"https:\/\/acb-athletisme.fr\/index.php?rest_route=%2Fwp%2Fv2%2Ftags&post=1163"}],"curies":[{"name":"wp","href":"https:\/\/api.w.org\/{rel}","templated":true}]}}