{"id":1160,"date":"2017-04-03T21:27:31","date_gmt":"2017-04-03T20:27:31","guid":{"rendered":"https:\/\/acb-athletisme.fr\/?p=1160"},"modified":"2017-04-03T21:27:31","modified_gmt":"2017-04-03T20:27:31","slug":"les-coteaux-2017","status":"publish","type":"post","link":"https:\/\/acb-athletisme.fr\/?p=1160","title":{"rendered":"Les coteaux 2017"},"content":{"rendered":"<p style=\"text-align: justify;\">Eh oui!!! La famille de l&rsquo;Acb m&rsquo;a convaincue de m&rsquo;inscrire sur le 5 kms de la course des coteaux \u00e0 saint leu la for\u00eat.<br \/>\nStress, angoisse, appr\u00e9hension sont les ma\u00eetres mots qui me caract\u00e9rise \u00e0\u00a0l&rsquo; approche de cette course..,<br \/>\nDernier entra\u00eenement le jeudi avant la course, je re\u00e7ois les encouragements du club avec cette m\u00eame question : Quel temps veux tu mettre?<br \/>\nEuh&#8230; moins de 24 minutes!!! (Quelle gourde !!! Ca m a \u00e9chapp\u00e9 , je voulais le garder pour moi. Encore une pression suppl\u00e9mentaire .)<br \/>\nMais effectivement , dans un coin de ma t\u00eate , moins de 24 minutes est un objectif&#8230;<br \/>\nDimanche 26 mars 2017, 08h00 du matin, le r\u00e9veil retentit &#8230; Faux d\u00e9part!!! Pour Le passage \u00e0 l&rsquo;heure d&rsquo;\u00e9t\u00e9, les organisateurs ont d\u00e9cid\u00e9 de d\u00e9caler d&rsquo;une heure le d\u00e9part de la course .<br \/>\nRetour pr\u00e9cipit\u00e9 sous la couette pour une heure.<br \/>\nLa deuxi\u00e8me sonnerie est la bonne. Douche, tenue de sport, et petit d\u00e9jeuner de champion et nous voil\u00e0 partis chez Seb et Sissi qui s&rsquo;\u00e9lanceront \u00e9galement sur le 5kms.<br \/>\nLe soleil est au rendez vous , une belle journ\u00e9e en perspective mais le stress monte .<br \/>\nSeb et Sissi sont pr\u00eats \u00e0 notre arriv\u00e9e. Nous voil\u00e0 partis tous ensemble pour un petit \u00e9chauffement afin de r\u00e9cup\u00e9rer nos dossards, suivi de quelques \u00e9tirements avec coach Seb.<br \/>\nL&rsquo;\u00e9chauffement se poursuit en effectuant des allers retours aux abords de la ligne de d\u00e9part.<br \/>\nYannick et Georges sont venus nous encourager. Pascal (tchang pour les intimes), Jean-Paul et petit Dom sont pr\u00e9sents \u00e9galement.<br \/>\n(La famille est venue nous encourager)<br \/>\nL adr\u00e9naline commence \u00e0 monter , nous voil\u00e0 en place \u00e0 moins de 5 minutes du d\u00e9part.<br \/>\nSeb part se faufiler sur l&rsquo;avant du peloton tandis que moi je reste avec Sissi. Un dernier petit bisous \u00e0 mon Loulou qui est inscrit pour le 10kms.<br \/>\nLe d\u00e9part est donn\u00e9, c&rsquo;est parti!!! Premier 500 m\u00e8tres avec un l\u00e9ger faux plat descendant qui me permet de faire le premier kilo en 4,37.<br \/>\nMais ce fut de courte dur\u00e9e car les choses s\u00e9rieuses commen\u00e7aient. Une l\u00e9g\u00e8re c\u00f4te d&rsquo;environ 1,5 kms ( certains diront faux plat montant) me fait l\u00e9g\u00e8rement ralentir.<br \/>\nPlace de la forge, les coureurs du 5 et du 10 kms se s\u00e9parent ( bye bye Loulou et bon courage pour la route de Chauvry)<br \/>\nUn petit coup de mou \u00e0 la mi-course mais je garde le cap.<br \/>\nJ&rsquo;aper\u00e7ois Thierry et Flo entre le 3\u00e8me et 4\u00e8me kilo. Leurs encouragements me reboostent et me font \u00ab\u00a0chaud au c\u0153ur\u00a0\u00bb.<br \/>\nFaux \u00a0plat montant le long de la ligne de chemin de fer, puis l\u00e9g\u00e8re descente devant la station bp, et nous voil\u00e0 dans les 500 derniers m\u00e8tres . Un faux \u00a0plat descendant se pr\u00e9sente \u00e0 moi pour terminer la course &#8230; Deux coureurs sont devant moi, m&#8217;emp\u00eachant de voir la ligne d&rsquo;arriv\u00e9e . Je d\u00e9cide alors de faire un dernier effort et de les d\u00e9passer . Mais ces messieurs n&rsquo;\u00e9taient pas d\u00e9cid\u00e9s \u00a0\u00e0 \u00eatre galant aujourd&rsquo;hui, d\u00e9cidant de repasser devant moi au sprint final.<br \/>\nC&rsquo;est termin\u00e9!!! La d\u00e9livrance &#8230;je regarde mon chrono et j aper\u00e7ois moins de 24 minutes mais je pr\u00e9f\u00e8re attendre les r\u00e9sultats officiels.<br \/>\nSeb est d\u00e9j\u00e0 arriv\u00e9 et vient me f\u00e9liciter.<br \/>\nJ ai a peine le temps de reprendre mon souffle , que Sissi franchit la ligne d&rsquo;arriv\u00e9e.<br \/>\nLes r\u00e9sultats ne tardent pas \u00e0 arriver:<br \/>\nSeb 1er v3 en 21,46<br \/>\nSissi 1ere v3 en 25,09<br \/>\nEt \u00e0 ma grande stupeur , je suis premi\u00e8re senior en 23,45.<br \/>\nVerdict : premier 5kms, premier podium, objectif atteint, et surtout 50 euros en bon d achat chez Leclerc ????.<br \/>\nMerci \u00e0 tous ceux qui sont venus nous encourager mais aussi \u00e0 ceux qui l&rsquo;ont fait via les r\u00e9seaux sociaux. Un bel esprit d \u00e9quipe et de famille.<br \/>\nVIVE L&rsquo; ACB!!!!\n<\/p>\n<p style=\"text-align: justify;\">Sonia<\/p>\n","protected":false},"excerpt":{"rendered":"<p>Eh oui!!! La famille de l&rsquo;Acb m&rsquo;a convaincue de m&rsquo;inscrire sur le 5 kms de la course des coteaux \u00e0 saint leu la for\u00eat. Stress, angoisse, appr\u00e9hension sont les ma\u00eetres mots qui me caract\u00e9rise \u00e0\u00a0l&rsquo; approche de cette course.., Dernier entra\u00eenement le jeudi avant la course, je re\u00e7ois les encouragements du club avec cette m\u00eame &hellip; <a href=\"https:\/\/acb-athletisme.fr\/?p=1160\" class=\"more-link\">Continuer la lecture de <span class=\"screen-reader-text\">Les coteaux 2017<\/span>  <span class=\"meta-nav\">&rarr;<\/span><\/a><\/p>\n","protected":false},"author":1,"featured_media":0,"comment_status":"open","ping_status":"open","sticky":false,"template":"","format":"standard","meta":{"footnotes":""},"categories":[7,70,48],"tags":[121,28,56,53],"class_list":["post-1160","post","type-post","status-publish","format-standard","hentry","category-courses","category-recitroute","category-route","tag-10kms","tag-course","tag-recit","tag-route"],"_links":{"self":[{"href":"https:\/\/acb-athletisme.fr\/index.php?rest_route=\/wp\/v2\/posts\/1160","targetHints":{"allow":["GET"]}}],"collection":[{"href":"https:\/\/acb-athletisme.fr\/index.php?rest_route=\/wp\/v2\/posts"}],"about":[{"href":"https:\/\/acb-athletisme.fr\/index.php?rest_route=\/wp\/v2\/types\/post"}],"author":[{"embeddable":true,"href":"https:\/\/acb-athletisme.fr\/index.php?rest_route=\/wp\/v2\/users\/1"}],"replies":[{"embeddable":true,"href":"https:\/\/acb-athletisme.fr\/index.php?rest_route=%2Fwp%2Fv2%2Fcomments&post=1160"}],"version-history":[{"count":1,"href":"https:\/\/acb-athletisme.fr\/index.php?rest_route=\/wp\/v2\/posts\/1160\/revisions"}],"predecessor-version":[{"id":1161,"href":"https:\/\/acb-athletisme.fr\/index.php?rest_route=\/wp\/v2\/posts\/1160\/revisions\/1161"}],"wp:attachment":[{"href":"https:\/\/acb-athletisme.fr\/index.php?rest_route=%2Fwp%2Fv2%2Fmedia&parent=1160"}],"wp:term":[{"taxonomy":"category","embeddable":true,"href":"https:\/\/acb-athletisme.fr\/index.php?rest_route=%2Fwp%2Fv2%2Fcategories&post=1160"},{"taxonomy":"post_tag","embeddable":true,"href":"https:\/\/acb-athletisme.fr\/index.php?rest_route=%2Fwp%2Fv2%2Ftags&post=1160"}],"curies":[{"name":"wp","href":"https:\/\/api.w.org\/{rel}","templated":true}]}}