{"id":1123,"date":"2017-03-19T13:29:36","date_gmt":"2017-03-19T12:29:36","guid":{"rendered":"https:\/\/acb-athletisme.fr\/?p=1123"},"modified":"2017-03-19T13:29:36","modified_gmt":"2017-03-19T12:29:36","slug":"ronde-du-hibou","status":"publish","type":"post","link":"https:\/\/acb-athletisme.fr\/?p=1123","title":{"rendered":"Ronde du Hibou"},"content":{"rendered":"<p style=\"text-align: justify;\"><strong>Ronde du Hibou : belle prestation de l&rsquo;ACB !!!<\/strong><\/p>\n<p style=\"text-align: justify;\"><a href=\"https:\/\/acb-athletisme.fr\/wp-content\/uploads\/2017\/03\/RdH-Podium-g\u00e9n\u00e9ral.jpg\" rel=\"attachment wp-att-1124\"><img loading=\"lazy\" decoding=\"async\" class=\"alignnone size-full wp-image-1124\" src=\"https:\/\/acb-athletisme.fr\/wp-content\/uploads\/2017\/03\/RdH-Podium-g\u00e9n\u00e9ral.jpg\" alt=\"RdH Podium g\u00e9n\u00e9ral\" width=\"720\" height=\"960\" \/><\/a><\/p>\n<p style=\"text-align: justify;\">24 marcheurs nordiques \u00e9taient au d\u00e9part de l&rsquo;\u00e9preuve Marche Nordique de la Ronde du Hibou ; l&rsquo;AC Beauchamp \u00e9tant plut\u00f4t bien repr\u00e9sent\u00e9 puisque six participants (Corinne DUCAMP, Colette VARET, Patricia HESSE, Pierrette ORGAER, Jean-Paul HUBERT et moi-m\u00eame) \u00e9taient de la f\u00eate.<\/p>\n<p style=\"text-align: justify;\">C&rsquo;\u00e9tait un tr\u00e8s beau parcours de 12 km \u00e0 travers la ville et les diff\u00e9rents parcs qui la composent avec en toile de fond et contrairement \u00e0 ce qu&rsquo;annon\u00e7ait M\u00e9t\u00e9o France, un magnifique soleil et une extr\u00eame douceur pour un d\u00e9but mars.<\/p>\n<p style=\"text-align: justify;\">En revanche, un circuit tr\u00e8s technique fait de belles c\u00f4tes et de descentes abruptes dont une succession d&rsquo;escaliers \u00e0 escalader et \u00e0 d\u00e9valer (1000 marches selon les organisateurs) auquel nous n&rsquo;\u00e9tions pas pr\u00e9par\u00e9s m\u00eame si nous avions particip\u00e9 \u00e0 la course de marche nordique de Bouff\u00e9mont il y a une quinzaine de jours. M\u00eame nos entra\u00eeneurs ont \u00e9t\u00e9 surpris par la difficult\u00e9 de ce parcours\u2026 Jamais un parcours n&rsquo;avait sembl\u00e9 si difficile aux dires des participants des diff\u00e9rents clubs qui concouraient.<\/p>\n<p style=\"text-align: justify;\">L&rsquo;essentiel \u00e9tait de participer mais surtout de terminer la course : cinq personnes ont d\u00fb abandonner ; deux autre disqualifi\u00e9es pour s&rsquo;\u00eatre tromp\u00e9es dans le parcours.<\/p>\n<p style=\"text-align: justify;\">Et finalement, l&rsquo;AC Beauchamp s&rsquo;est plut\u00f4t bien distingu\u00e9 puisqu&rsquo;en cat\u00e9gorie femme, Colette est arriv\u00e9e premi\u00e8re, Corinne deuxi\u00e8me et Patricia (de plus en plus impressionnante) aurait d\u00fb \u00eatre sur la troisi\u00e8me marche du podium si une participante ne l&rsquo;avait coiff\u00e9e sur le poteau en soutenant un rythme plus proche de la course que de la marche \u2026 Son leitmotiv \u00e9tant d&rsquo;expliquer qu&rsquo;habituellement elle marchait \u00e0 7,5 km\/h en moyenne \u2026 Ce qui ne justifie en rien son comportement.<\/p>\n<p style=\"text-align: justify;\">Quant \u00e0 Pierrette, elle est arriv\u00e9e heureuse d&rsquo;avoir termin\u00e9 et surtout d&rsquo;avoir parcouru la distance sous la barre des 1h55 (1h54&prime; 25&Prime;) qu&rsquo;elle s&rsquo;\u00e9tait fix\u00e9e au d\u00e9part de la course.<\/p>\n<p style=\"text-align: justify;\">Enfin chez les hommes, Jean-Paul est arriv\u00e9 premier, Michel AUBRY (Franconville) deuxi\u00e8me et moi troisi\u00e8me \u2026 Je dois dire que je ne m&rsquo;y attendais vraiment pas et que je n&rsquo;en reviens toujours pas \u2026<\/p>\n<p style=\"text-align: justify;\">En tous cas, nous sommes repartis fourbus mais contents d&rsquo;avoir port\u00e9 haut les couleurs de l&rsquo;AC Beauchamp dans un esprit d&rsquo;\u00e9quipe qui nous caract\u00e9rise et surtout caract\u00e9rise le bel \u00e9tat d&rsquo;esprit sport-loisir de notre club !!!<\/p>\n<p style=\"text-align: justify;\">Fr\u00e9d\u00e9ric ORGAER<\/p>\n","protected":false},"excerpt":{"rendered":"<p>Ronde du Hibou : belle prestation de l&rsquo;ACB !!! 24 marcheurs nordiques \u00e9taient au d\u00e9part de l&rsquo;\u00e9preuve Marche Nordique de la Ronde du Hibou ; l&rsquo;AC Beauchamp \u00e9tant plut\u00f4t bien repr\u00e9sent\u00e9 puisque six participants (Corinne DUCAMP, Colette VARET, Patricia HESSE, Pierrette ORGAER, Jean-Paul HUBERT et moi-m\u00eame) \u00e9taient de la f\u00eate. C&rsquo;\u00e9tait un tr\u00e8s beau parcours &hellip; <a href=\"https:\/\/acb-athletisme.fr\/?p=1123\" class=\"more-link\">Continuer la lecture de <span class=\"screen-reader-text\">Ronde du Hibou<\/span>  <span class=\"meta-nav\">&rarr;<\/span><\/a><\/p>\n","protected":false},"author":1,"featured_media":0,"comment_status":"open","ping_status":"open","sticky":false,"template":"","format":"standard","meta":{"footnotes":""},"categories":[7,73],"tags":[131,82,83,56],"class_list":["post-1123","post","type-post","status-publish","format-standard","hentry","category-courses","category-recitmarchenordique","tag-hibou","tag-marche","tag-nordique","tag-recit"],"_links":{"self":[{"href":"https:\/\/acb-athletisme.fr\/index.php?rest_route=\/wp\/v2\/posts\/1123","targetHints":{"allow":["GET"]}}],"collection":[{"href":"https:\/\/acb-athletisme.fr\/index.php?rest_route=\/wp\/v2\/posts"}],"about":[{"href":"https:\/\/acb-athletisme.fr\/index.php?rest_route=\/wp\/v2\/types\/post"}],"author":[{"embeddable":true,"href":"https:\/\/acb-athletisme.fr\/index.php?rest_route=\/wp\/v2\/users\/1"}],"replies":[{"embeddable":true,"href":"https:\/\/acb-athletisme.fr\/index.php?rest_route=%2Fwp%2Fv2%2Fcomments&post=1123"}],"version-history":[{"count":1,"href":"https:\/\/acb-athletisme.fr\/index.php?rest_route=\/wp\/v2\/posts\/1123\/revisions"}],"predecessor-version":[{"id":1125,"href":"https:\/\/acb-athletisme.fr\/index.php?rest_route=\/wp\/v2\/posts\/1123\/revisions\/1125"}],"wp:attachment":[{"href":"https:\/\/acb-athletisme.fr\/index.php?rest_route=%2Fwp%2Fv2%2Fmedia&parent=1123"}],"wp:term":[{"taxonomy":"category","embeddable":true,"href":"https:\/\/acb-athletisme.fr\/index.php?rest_route=%2Fwp%2Fv2%2Fcategories&post=1123"},{"taxonomy":"post_tag","embeddable":true,"href":"https:\/\/acb-athletisme.fr\/index.php?rest_route=%2Fwp%2Fv2%2Ftags&post=1123"}],"curies":[{"name":"wp","href":"https:\/\/api.w.org\/{rel}","templated":true}]}}