{"id":1115,"date":"2017-03-11T23:00:56","date_gmt":"2017-03-11T22:00:56","guid":{"rendered":"https:\/\/acb-athletisme.fr\/?p=1115"},"modified":"2017-03-11T23:00:56","modified_gmt":"2017-03-11T22:00:56","slug":"semi-marathon-de-st-witz","status":"publish","type":"post","link":"https:\/\/acb-athletisme.fr\/?p=1115","title":{"rendered":"Semi Marathon de St Witz"},"content":{"rendered":"<p style=\"text-align: left;\">Un temps magnifique pour une des plus vieille course de France. St Witz organisait cette ann\u00e9e la 39\u00e8me \u00e9dition de son Semi Marathon.<\/p>\n<p style=\"text-align: left;\"><a href=\"https:\/\/acb-athletisme.fr\/wp-content\/uploads\/2017\/03\/profil-st-witz.jpg\" rel=\"attachment wp-att-1119\"><img loading=\"lazy\" decoding=\"async\" class=\"wp-image-1119 alignright\" src=\"https:\/\/acb-athletisme.fr\/wp-content\/uploads\/2017\/03\/profil-st-witz.jpg\" alt=\"profil st witz\" width=\"320\" height=\"127\" \/><\/a><\/p>\n<p style=\"text-align: left;\">Une course tr\u00e8s agr\u00e9able mais tr\u00e8s vallonn\u00e9e.\u00a0Un d\u00e9part pi\u00e9geux parce qu&rsquo;extr\u00eamement rapide dans une descente de 2 kms. Les jambes deviennent vite lourdes dans les 3 mont\u00e9es du parcours \u00e0 encha\u00eener sur les 2 boucles.<\/p>\n<p style=\"text-align: left;\">L&rsquo;AC Beauchamp \u00e9tait pr\u00e9sent sur cette course. Avec une lutte\u00a0interne entre les 2 V2 de l&rsquo;\u00e9quipe. Georges devanc\u00e9 par Bruno \u00e0 Bernes, \u00e9tait \u00e0 St Witz pour prendre une petite revanche&#8230;<\/p>\n<p style=\"text-align: center;\"><a href=\"https:\/\/acb-athletisme.fr\/wp-content\/uploads\/2017\/03\/IMG_2682.jpg\" rel=\"attachment wp-att-1118\"><img loading=\"lazy\" decoding=\"async\" class=\"size-full wp-image-1118 aligncenter\" src=\"https:\/\/acb-athletisme.fr\/wp-content\/uploads\/2017\/03\/IMG_2682.jpg\" alt=\"IMG_2682\" width=\"1600\" height=\"900\" \/><\/a><\/p>\n<p><a href=\"https:\/\/acb-athletisme.fr\/wp-content\/uploads\/2017\/03\/st-witz.jpg\" rel=\"attachment wp-att-1116\"><img loading=\"lazy\" decoding=\"async\" class=\"alignnone size-full wp-image-1116\" src=\"https:\/\/acb-athletisme.fr\/wp-content\/uploads\/2017\/03\/st-witz.jpg\" alt=\"st witz\" width=\"1531\" height=\"443\" \/><\/a><\/p>\n<p>Une tr\u00e8s bonne r\u00e9cup \u00e0 Lapin qui n&rsquo;a pas pu boucler la course \u00e0 cause d&rsquo;une douleur \u00e0 une cuisse. \u00a0Ce n&rsquo;est que partie remise pour un prochain podium.<\/p>\n","protected":false},"excerpt":{"rendered":"<p>Un temps magnifique pour une des plus vieille course de France. St Witz organisait cette ann\u00e9e la 39\u00e8me \u00e9dition de son Semi Marathon. Une course tr\u00e8s agr\u00e9able mais tr\u00e8s vallonn\u00e9e.\u00a0Un d\u00e9part pi\u00e9geux parce qu&rsquo;extr\u00eamement rapide dans une descente de 2 kms. Les jambes deviennent vite lourdes dans les 3 mont\u00e9es du parcours \u00e0 encha\u00eener sur &hellip; <a href=\"https:\/\/acb-athletisme.fr\/?p=1115\" class=\"more-link\">Continuer la lecture de <span class=\"screen-reader-text\">Semi Marathon de St Witz<\/span>  <span class=\"meta-nav\">&rarr;<\/span><\/a><\/p>\n","protected":false},"author":1,"featured_media":0,"comment_status":"open","ping_status":"open","sticky":false,"template":"","format":"standard","meta":{"footnotes":""},"categories":[7,70,48],"tags":[128,28,53,130],"class_list":["post-1115","post","type-post","status-publish","format-standard","hentry","category-courses","category-recitroute","category-route","tag-128","tag-course","tag-route","tag-semi-marathon"],"_links":{"self":[{"href":"https:\/\/acb-athletisme.fr\/index.php?rest_route=\/wp\/v2\/posts\/1115","targetHints":{"allow":["GET"]}}],"collection":[{"href":"https:\/\/acb-athletisme.fr\/index.php?rest_route=\/wp\/v2\/posts"}],"about":[{"href":"https:\/\/acb-athletisme.fr\/index.php?rest_route=\/wp\/v2\/types\/post"}],"author":[{"embeddable":true,"href":"https:\/\/acb-athletisme.fr\/index.php?rest_route=\/wp\/v2\/users\/1"}],"replies":[{"embeddable":true,"href":"https:\/\/acb-athletisme.fr\/index.php?rest_route=%2Fwp%2Fv2%2Fcomments&post=1115"}],"version-history":[{"count":3,"href":"https:\/\/acb-athletisme.fr\/index.php?rest_route=\/wp\/v2\/posts\/1115\/revisions"}],"predecessor-version":[{"id":1121,"href":"https:\/\/acb-athletisme.fr\/index.php?rest_route=\/wp\/v2\/posts\/1115\/revisions\/1121"}],"wp:attachment":[{"href":"https:\/\/acb-athletisme.fr\/index.php?rest_route=%2Fwp%2Fv2%2Fmedia&parent=1115"}],"wp:term":[{"taxonomy":"category","embeddable":true,"href":"https:\/\/acb-athletisme.fr\/index.php?rest_route=%2Fwp%2Fv2%2Fcategories&post=1115"},{"taxonomy":"post_tag","embeddable":true,"href":"https:\/\/acb-athletisme.fr\/index.php?rest_route=%2Fwp%2Fv2%2Ftags&post=1115"}],"curies":[{"name":"wp","href":"https:\/\/api.w.org\/{rel}","templated":true}]}}