{"id":1025,"date":"2016-12-13T23:36:00","date_gmt":"2016-12-13T22:36:00","guid":{"rendered":"https:\/\/acb-athletisme.fr\/?p=1025"},"modified":"2016-12-13T23:36:00","modified_gmt":"2016-12-13T22:36:00","slug":"prendre-pied-se-blesser","status":"publish","type":"post","link":"https:\/\/acb-athletisme.fr\/?p=1025","title":{"rendered":"Prendre son pied sans se blesser"},"content":{"rendered":"<p style=\"text-align: justify;\" align=\"center\"><span style=\"margin: 0px; font-family: 'Cambria','serif'; font-size: 10pt;\"><span style=\"color: #000000;\">En un mot, d\u00e8s qu\u2019une douleur inhabituelle du pied appara\u00eet CONSULTER.<\/span><\/span><\/p>\n<p style=\"text-align: justify;\"><span style=\"margin: 0px; font-family: 'Cambria','serif'; font-size: 10pt;\"><span style=\"color: #000000;\">Je vais vous parler aujourd\u2019hui des douleurs de pied du coureur. Elles sont diverses et trouvent toutes des origines diff\u00e9rentes: sur-entra\u00eenement, post-course, changement de chaussures. Une chose est s\u00fbre, quand le pied commence \u00e0 faire mal<\/span><span style=\"color: #000000;\">\u00a0 <\/span><span style=\"color: #000000;\">c\u2019est l\u2019ensemble des jambes et du bassin qui vont compenser&#8230;Raison pour laquelle il faut prendre au s\u00e9rieux ces douleurs de pied.<\/span><\/span><\/p>\n<p style=\"text-align: justify;\"><span style=\"margin: 0px; font-family: 'Cambria','serif'; font-size: 10pt;\"><span style=\"color: #000000;\">Je ne vais pas rentrer dans le d\u00e9tail des pathologies propres aux soins podologiques (ongle incarn\u00e9, cors, &#8230;), mais seulement documenter et analyser les pathologies les plus souvent rencontr\u00e9es chez mes patients-coureurs.<\/span><\/span><\/p>\n<p style=\"text-align: justify;\"><span style=\"margin: 0px; font-family: 'Cambria','serif'; font-size: 10pt;\"><span style=\"color: #000000;\">Voici une coupe de pied de notre \u201cesp\u00e8ce\u201c. La chose est complexe car tout le syst\u00e8me est suspendu au niveau du m\u00e9dio-pied mais en m\u00eame doit r\u00e9pondre \u00e0 la contrainte du poids du corps venant du dessus.<\/span><\/span><\/p>\n<p style=\"text-align: justify;\"><span style=\"margin: 0px; font-family: 'Cambria','serif'; font-size: 10pt;\"><span style=\"color: #000000;\">\u00a0<span style=\"margin: 0px; color: #0000ff; font-family: 'Cambria Italic'; font-size: 9pt;\"><strong><a href=\"https:\/\/acb-athletisme.fr\/wp-content\/uploads\/2016\/12\/pied1.jpg\" rel=\"attachment wp-att-1026\"><img loading=\"lazy\" decoding=\"async\" class=\"wp-image-1026 alignleft\" src=\"https:\/\/acb-athletisme.fr\/wp-content\/uploads\/2016\/12\/pied1.jpg\" alt=\"pied1\" width=\"164\" height=\"164\" \/><\/a><\/strong><\/span><\/span><\/span><\/p>\n<p style=\"text-align: justify;\"><span style=\"margin: 0px; font-family: 'Cambria','serif'; font-size: 10pt;\"><span style=\"color: #000000;\"><a href=\"https:\/\/acb-athletisme.fr\/wp-content\/uploads\/2016\/12\/pied2.jpg\" rel=\"attachment wp-att-1027\"><img loading=\"lazy\" decoding=\"async\" class=\"alignnone  wp-image-1027\" src=\"https:\/\/acb-athletisme.fr\/wp-content\/uploads\/2016\/12\/pied2.jpg\" alt=\"pied2\" width=\"199\" height=\"130\" \/><\/a>\u00a0<\/span><\/span><\/p>\n<p style=\"text-align: justify;\"><span style=\"margin: 0px; font-family: 'Cambria','serif'; font-size: 10pt;\"><span style=\"color: #000000;\">\u00a0<\/span><\/span><span style=\"margin: 0px; color: #ff2712; font-family: 'Cambria Bold Italic'; font-size: 10pt;\">-Apon\u00e9vrosite plantaire: <\/span><span style=\"margin: 0px; font-family: 'Cambria','serif'; font-size: 10pt;\"><span style=\"color: #000000;\">Un tr\u00e8s bon article \u00e9crit par Vincent Demangeot le podologue du runningcaf\u00e9. <\/span><\/span><\/p>\n<p style=\"text-align: center;\"><span style=\"margin: 0px; font-family: 'Cambria','serif'; font-size: 10pt;\"><a href=\"http:\/\/www.runningcafe.fr\/sante\/podologie\/laponevrosite-plantaire-2181\"><u>http:\/\/www.runningcafe.fr\/sante\/podologie\/laponevrosite-plantaire-2181<\/u><\/a><\/span><\/p>\n<p style=\"text-align: justify;\"><span style=\"margin: 0px; color: #3d3d3d; font-family: 'Cambria','serif'; font-size: 10pt;\">Extrait:<\/span><\/p>\n<p style=\"text-align: justify;\"><span style=\"margin: 0px; color: #3d3d3d; font-family: 'Cambria','serif'; font-size: 10pt;\">\u00a0L\u2019apon\u00e9vrosite ou fasciite plantaire est une souffrance de l\u2019apon\u00e9vrose plantaire. <\/span><span style=\"margin: 0px; color: #3d3d3d; font-family: 'Cambria','serif'; font-size: 10pt;\">L\u2019apon\u00e9vrose plantaire est en quelque sorte la charpente de l\u2019arche du pied. Elle s&rsquo;ins\u00e8re sur le tubercule post\u00e9rieur<\/span><span style=\"margin: 0px; color: #3d3d3d; font-family: 'Cambria','serif'; font-size: 10pt;\"> du calcan\u00e9um et se termine en se divisant en bandelettes sur la base des premi\u00e8res phalanges. Elle est de forme triangulaire (\u00e9ventail \u2026), son insertion est \u00e9troite et \u00e9paisse et sa terminaison est large et fine.<\/span><\/p>\n<p style=\"text-align: justify;\"><span style=\"margin: 0px; color: #3d3d3d; font-family: 'Cambria','serif'; font-size: 10pt;\"><a href=\"https:\/\/acb-athletisme.fr\/wp-content\/uploads\/2016\/12\/pied3.jpg\" rel=\"attachment wp-att-1028\"><img loading=\"lazy\" decoding=\"async\" class=\"wp-image-1028 alignleft\" src=\"https:\/\/acb-athletisme.fr\/wp-content\/uploads\/2016\/12\/pied3.jpg\" alt=\"pied3\" width=\"227\" height=\"110\" \/><\/a>Cette structure fibreuse, stabilise, soutient l\u2019arche interne et s\u2019oppose \u00e0 l\u2019affaissement du pied. L\u2019apon\u00e9vrose permet aussi la transmission de la force de propulsion de l\u2019arri\u00e8re pied vers l\u2019avant pied. <\/span><\/p>\n<p style=\"text-align: justify;\"><span style=\"margin: 0px; color: #3d3d3d; font-family: 'Cambria','serif'; font-size: 10pt;\">Dans la pratique sportive et plus particuli\u00e8rement dans la course \u00e0 pied, l\u2019apon\u00e9vrose plantaire qui pr\u00e9sente une \u00e9lasticit\u00e9 limit\u00e9, est soumit a des contraintes r\u00e9p\u00e9titives importantes. Ces derni\u00e8res peuvent engendrer une apon\u00e9vrosite.<\/span><\/p>\n<p style=\"text-align: justify;\"><span style=\"margin: 0px; color: #3d3d3d; font-family: 'Cambria','serif'; font-size: 10pt;\">Le sympt\u00f4me quasi unique de l\u2019apon\u00e9vrosite plantaire est la douleur talonni\u00e8re (plut\u00f4t en interne), dans certains cas c\u2019est le corps de l\u2019apon\u00e9vrose qui est douloureux (l\u00e9g\u00e8rement en avant du talon). Elle est ressentie surtout lors de la mise en charge (la matin ou apr\u00e8s une position assise prolong\u00e9e). La douleur est ressentie lors de l\u2019attaque du talon au sol et n\u2019est pas soulag\u00e9e par la marche sur la pointe du pied. Cette douleur de mise en charge est ressentie sous le talon et diminue progressivement apr\u00e8s quelques minutes. En cours de journ\u00e9e elle r\u00e9appara\u00eetra suite aux pressions r\u00e9p\u00e9t\u00e9es sous le calcan\u00e9um. Classiquement elle survient progressivement <\/span><span style=\"margin: 0px; color: #3d3d3d; font-family: 'Cambria','serif'; font-size: 10pt;\"><a href=\"https:\/\/acb-athletisme.fr\/wp-content\/uploads\/2016\/12\/pied4.jpg\" rel=\"attachment wp-att-1029\"><img loading=\"lazy\" decoding=\"async\" class=\"wp-image-1029 alignleft\" src=\"https:\/\/acb-athletisme.fr\/wp-content\/uploads\/2016\/12\/pied4.jpg\" alt=\"pied4\" width=\"160\" height=\"74\" \/><\/a>lors des entra\u00eenements. Parfois, elle peut dispara\u00eetre \u00e0 l\u2019issue de l\u2019\u00e9chauffement pour r\u00e9appara\u00eetre dans les minutes suivant l\u2019arr\u00eat de l\u2019activit\u00e9. <\/span><span style=\"margin: 0px; color: #3d3d3d; font-family: 'Cambria','serif'; font-size: 10pt;\">Une boiterie est parfois observ\u00e9e. <\/span><span style=\"margin: 0px; color: #3d3d3d; font-family: 'Cambria','serif'; font-size: 10pt;\">\u00a0L\u2019examen clinique retrouvera une douleur exquise lors de la pression de l\u2019insertion calcan\u00e9enne de l\u2019apon\u00e9vrose.<\/span><\/p>\n<p style=\"text-align: justify;\"><span style=\"margin: 0px; color: #3d3d3d; font-family: 'Cambria','serif'; font-size: 10pt;\">Les facteurs favorisants de l\u2019apon\u00e9vrosite plantaire sont :<\/span><\/p>\n<ul>\n<li style=\"text-align: justify;\"><span style=\"margin: 0px; color: #3d3d3d; font-family: 'Cambria','serif'; font-size: 10pt;\">\u2022<span style=\"font: 7pt 'Times New Roman'; margin: 0px; font-size-adjust: none; font-stretch: normal;\">\u00a0\u00a0\u00a0\u00a0\u00a0\u00a0\u00a0\u00a0\u00a0\u00a0\u00a0 <\/span><\/span><span style=\"margin: 0px; color: #3d3d3d; font-family: 'Cambria','serif'; font-size: 10pt;\">un trouble statique et\/ ou dynamique (pied valgus, plat, creux, instable)<\/span><\/li>\n<li style=\"text-align: justify;\"><span style=\"margin: 0px; color: #3d3d3d; font-family: 'Cambria','serif'; font-size: 10pt;\">\u2022<span style=\"font: 7pt 'Times New Roman'; margin: 0px; font-size-adjust: none; font-stretch: normal;\">\u00a0\u00a0\u00a0\u00a0\u00a0\u00a0\u00a0\u00a0\u00a0\u00a0\u00a0 <\/span><\/span><span style=\"margin: 0px; color: #3d3d3d; font-family: 'Cambria','serif'; font-size: 10pt;\">une chaussure inappropri\u00e9e ou us\u00e9e<\/span><\/li>\n<li style=\"text-align: justify;\"><span style=\"margin: 0px; color: #3d3d3d; font-family: 'Cambria','serif'; font-size: 10pt;\">\u2022<span style=\"font: 7pt 'Times New Roman'; margin: 0px; font-size-adjust: none; font-stretch: normal;\">\u00a0\u00a0\u00a0\u00a0\u00a0\u00a0\u00a0\u00a0\u00a0\u00a0\u00a0 <\/span><\/span><span style=\"margin: 0px; color: #3d3d3d; font-family: 'Cambria','serif'; font-size: 10pt;\">surmenage kilom\u00e9trique<\/span><\/li>\n<li style=\"text-align: justify;\"><span style=\"margin: 0px; color: #3d3d3d; font-family: 'Cambria','serif'; font-size: 10pt;\">\u2022<span style=\"font: 7pt 'Times New Roman'; margin: 0px; font-size-adjust: none; font-stretch: normal;\">\u00a0\u00a0\u00a0\u00a0\u00a0\u00a0\u00a0\u00a0\u00a0\u00a0\u00a0 <\/span><\/span><span style=\"margin: 0px; color: #3d3d3d; font-family: 'Cambria','serif'; font-size: 10pt;\">terrain instable<\/span><\/li>\n<li style=\"text-align: justify;\"><span style=\"margin: 0px; color: #3d3d3d; font-family: 'Cambria','serif'; font-size: 10pt;\">\u2022<span style=\"font: 7pt 'Times New Roman'; margin: 0px; font-size-adjust: none; font-stretch: normal;\">\u00a0\u00a0\u00a0\u00a0\u00a0\u00a0\u00a0\u00a0\u00a0\u00a0\u00a0 <\/span><\/span><span style=\"margin: 0px; color: #3d3d3d; font-family: 'Cambria','serif'; font-size: 10pt;\">surcharge pond\u00e9rale<\/span><\/li>\n<\/ul>\n<div style=\"text-align: justify;\"><\/div>\n<p style=\"text-align: justify;\"><span style=\"margin: 0px; font-family: 'Cambria','serif'; font-size: 10pt;\"><span style=\"color: #000000;\">\u00a0<\/span><\/span><span style=\"margin: 0px; color: #ff2712; font-family: 'Cambria Bold Italic'; font-size: 10pt;\">&#8211;<span style=\"font: 7pt 'Times New Roman'; margin: 0px; font-size-adjust: none; font-stretch: normal;\">\u00a0 <\/span><\/span><span style=\"margin: 0px; color: #ff2712; font-family: 'Cambria Bold Italic'; font-size: 10pt;\">Tendinite achill\u00e9enne<\/span><\/p>\n<p style=\"text-align: justify;\"><span style=\"margin: 0px; color: #0e002d; font-family: 'Cambria','serif'; font-size: 10pt;\">\u00a0\u00a0\u00a0\u00a0\u00a0\u00a0\u00a0\u00a0\u00a0\u00a0\u00a0\u00a0\u00a0\u00a0 Elle va s\u2019exprimer par une douleur \u00e0 la face post\u00e9rieure du talon. Un grand classique du coureur qui est souvent l\u2019expression d\u2019une trop forte sollicitation du mollet (triceps sural).<\/span><span lang=\"EN-GB\" style=\"margin: 0px; font-family: 'Cambria','serif'; font-size: 10pt;\"><span style=\"color: #000000;\">\u2026.<\/span><\/span><span style=\"margin: 0px; font-family: 'Cambria','serif'; font-size: 10pt;\"><span style=\"color: #000000;\">La tendinite se d\u00e9clenche lorsque le tendon est soumis \u00e0 des contraintes trop importantes sur un p\u00e9riode trop longue ou \u00e0 un moment inappropri\u00e9, ce qui va d\u00e9passer sa capacit\u00e9 de r\u00e9sistance. <\/span><\/span><\/p>\n<p style=\"text-align: justify;\"><span style=\"color: #000000; font-family: Cambria;\">Les causes sont multiples\u00a0:<\/span><\/p>\n<ul>\n<li style=\"text-align: justify;\"><span style=\"color: #000000; font-family: Cambria;\">Une mauvaise position \u00e0 l&rsquo;effort (suite \u00e0 des s\u00e9quelles d\u2019entorse mal soign\u00e9es, \u2026)<\/span><\/li>\n<li style=\"text-align: justify;\"><span style=\"color: #000000; font-family: Cambria;\">Des chaussures inadapt\u00e9es ou us\u00e9es.<\/span><\/li>\n<li style=\"text-align: justify;\"><span style=\"color: #000000; font-family: Cambria;\">Etirements excessifs en quantit\u00e9 et qualit\u00e9<\/span><\/li>\n<li style=\"text-align: justify;\"><span style=\"color: #000000; font-family: Cambria;\">L&rsquo;entra\u00eenement sous la pluie, dans le froid.<\/span><\/li>\n<li style=\"text-align: justify;\"><span style=\"color: #000000; font-family: Cambria;\">Le travail prolong\u00e9 \u00e0 plus de 80 % de la puissance maximale (un effort trop intense et trop long)<\/span><\/li>\n<li style=\"text-align: justify;\"><span style=\"color: #000000; font-family: Cambria;\">Des efforts physiques violents r\u00e9p\u00e9t\u00e9s sans \u00e9chauffement.<\/span><\/li>\n<li style=\"text-align: justify;\"><span style=\"color: #000000; font-family: Cambria;\">Causes infectieuses\u00a0: caries, excoriation cutan\u00e9e du membre inf\u00e9rieur<\/span><\/li>\n<li style=\"text-align: justify;\"><span style=\"color: #000000; font-family: Cambria;\">Dans le cas de sortie sup\u00e9rieure \u00e0 1h, des \u00e9tirements r\u00e9alis\u00e9s \u00e0 chaud.<\/span><\/li>\n<li style=\"text-align: justify;\"><span style=\"color: #000000; font-family: Cambria;\">L\u2019alimentation acide<\/span><\/li>\n<\/ul>\n<p style=\"text-align: justify;\"><span style=\"margin: 0px; color: #0e002d; font-family: 'Cambria','serif'; font-size: 10pt;\">\u00a0<\/span><span style=\"margin: 0px; font-family: 'Cambria','serif'; font-size: 10pt;\"><span style=\"color: #000000;\">\u00a0<\/span><\/span><\/p>\n<p style=\"text-align: justify;\"><span style=\"margin: 0px; color: #ff2712; font-family: 'Cambria Bold Italic'; font-size: 10pt;\">&#8211;<span style=\"font: 7pt 'Times New Roman'; margin: 0px; font-size-adjust: none; font-stretch: normal;\">\u00a0 <\/span><\/span><span style=\"margin: 0px; color: #ff2712; font-family: 'Cambria Bold Italic'; font-size: 10pt;\">Epine calcan\u00e9ene<\/span><\/p>\n<p style=\"text-align: justify;\"><span style=\"margin: 0px; color: #22002f; font-family: 'Cambria','serif'; font-size: 10pt;\">\u00a0\u00a0\u00a0\u00a0\u00a0\u00a0\u00a0\u00a0\u00a0\u00a0\u00a0\u00a0\u00a0\u00a0 Une douleur qui pourrait s\u2019apparenter \u00e0 l\u2019apon\u00e9vrosite plantaire. La diff\u00e9rence entre ces 2 pathologies est le fait que l\u2019\u00e9pine est clairement objectivable \u00e0 la radiographie. On peut voir en effet des d\u00e9p\u00f4ts de cristaux de calcium sur l\u2019insertion de l\u2019apon\u00e9vrose plantaire. (insertions ant\u00e9rieurs ou post\u00e9rieures)<\/span><\/p>\n<p style=\"text-align: left;\"><span style=\"margin: 0px; color: #22002f; font-family: 'Cambria','serif'; font-size: 10pt;\"><a href=\"https:\/\/acb-athletisme.fr\/wp-content\/uploads\/2016\/12\/pied5.jpg\" rel=\"attachment wp-att-1030\"><img loading=\"lazy\" decoding=\"async\" class=\"wp-image-1030 aligncenter\" src=\"https:\/\/acb-athletisme.fr\/wp-content\/uploads\/2016\/12\/pied5.jpg\" alt=\"pied5\" width=\"274\" height=\"167\" \/><\/a><\/span><\/p>\n<p style=\"text-align: justify;\"><span style=\"margin: 0px; font-family: 'Cambria','serif'; font-size: 10pt;\"><span style=\"color: #000000;\"><span style=\"margin: 0px; color: #ff2712; font-family: 'Cambria Bold Italic'; font-size: 10pt;\">&#8211; N\u00e9vralgie de Morton<\/span><\/span><\/span><\/p>\n<p style=\"text-align: justify;\"><span style=\"margin: 0px; font-family: 'Cambria','serif'; font-size: 10pt;\"><span style=\"color: #000000;\">Les n\u00e9vralgies de Morton sont dues \u00e0 la souffrance du nerf plantaire interdigital comprim\u00e9 entre les t\u00eates m\u00e9tatarsiennes voisines. Le nerf s\u2019\u00e9paissit, formant un n\u00e9vrome (\u00e9paississement cicatriciel du nerf) tr\u00e8s douloureux. Les douleurs tr\u00e8s vives se localisent, le plus souvent entre les bases des troisi\u00e8me et quatri\u00e8me orteils et peuvent irradier vers les orteils voisins. Elles sont aggrav\u00e9es par la marche et obligent parfois \u00e0 se d\u00e9chausser. La pression du n\u00e9vrome reproduit la douleur. Pathologie assez fr\u00e9quente en course \u00e0 pied. Surtout ne pas tarder pour consulter. <\/span><\/span><\/p>\n<p style=\"text-align: justify;\"><span style=\"margin: 0px; color: #ff2712; font-family: 'Cambria Bold Italic'; font-size: 10pt;\">&#8211;<span style=\"font: 7pt 'Times New Roman'; margin: 0px; font-size-adjust: none; font-stretch: normal;\">\u00a0 <\/span><\/span><span style=\"margin: 0px; color: #ff2712; font-family: 'Cambria Bold Italic'; font-size: 10pt;\">T\u00e9nosynovite<\/span><\/p>\n<p style=\"text-align: justify;\"><span style=\"color: #000000; font-family: Times New Roman;\"><a href=\"https:\/\/acb-athletisme.fr\/wp-content\/uploads\/2016\/12\/pied6.jpg\" rel=\"attachment wp-att-1031\"><img loading=\"lazy\" decoding=\"async\" class=\"wp-image-1031 alignleft\" src=\"https:\/\/acb-athletisme.fr\/wp-content\/uploads\/2016\/12\/pied6.jpg\" alt=\"pied6\" width=\"141\" height=\"201\" \/><\/a><\/span><span style=\"margin: 0px; font-family: 'Cambria','serif'; font-size: 10pt;\"><span style=\"color: #000000;\">Parmi les nombreux sympt\u00f4mes du pied, la t\u00e9nosynovite, avec sa douleur caract\u00e9ristique dans la r\u00e9gion de la cheville et de la vo\u00fbte plantaire longitudinale, est assez courante. La synovite peut \u00eatre caus\u00e9e par des d\u00e9formations du pied, tel qu\u2019un pied plat, une sollicitation excessive, des chaussures ne maintenant pas bien le pied, ou des s\u00e9quelles de fracture ou autres blessures. Le recueil des ant\u00e9c\u00e9dents m\u00e9dicaux et un examen clinique sont essentiels au diagnostic de synovite qui se manifeste surtout par une douleur locale, une sensibilit\u00e9 et des mouvements douloureux. Hormis le tendon d\u2019achille, ces t\u00e9nosynovites peuvent toucher au niveau dorsal du pied, le long extenseur du I, le muscle tibial ant\u00e9rieur ou au niveau plantaire, le muscle fl\u00e9chisseur du gros orteil, celui du tibial post\u00e9rieur, &#8230;.<\/span><\/span><\/p>\n<p style=\"text-align: justify;\"><span style=\"margin: 0px; font-family: 'Times New Roman','serif'; font-size: 16pt;\"><span style=\"color: #000000;\">\u00a0<\/span><\/span><span style=\"margin: 0px; color: #ff2712; font-family: 'Cambria Bold Italic'; font-size: 10pt;\"><span style=\"font: 7pt 'Times New Roman'; margin: 0px; font-size-adjust: none; font-stretch: normal;\">\u00a0 <\/span><\/span><span style=\"margin: 0px; color: #ff2712; font-family: 'Cambria Bold Italic'; font-size: 10pt;\">Fracture de fatigue<\/span><\/p>\n<p style=\"text-align: justify;\"><span style=\"margin: 0px; color: #001f67; font-family: 'Cambria Bold Italic'; font-size: 10pt;\">a- La fracture des m\u00e9tatarses<\/span><\/p>\n<p style=\"text-align: justify;\"><span style=\"margin: 0px; font-family: 'Cambria','serif'; font-size: 10pt;\"><span style=\"color: #000000;\">\u00a0\u00a0\u00a0\u00a0\u00a0\u00a0\u00a0\u00a0\u00a0\u00a0\u00a0\u00a0\u00a0\u00a0 <\/span><span style=\"color: #000000;\">Le classique du surentra\u00eenement. C\u2019est la fracture la plus courante en course \u00e0 pied. Elle va appara\u00eetre dans les phases de pr\u00e9paration \u00e0 vos objectifs. Elle a \u00e9t\u00e9 d\u00e9couverte tr\u00e8s t\u00f4t<\/span><span style=\"color: #000000;\">\u00a0 <\/span><span style=\"color: #000000;\">par Breithaupt en 1855.<\/span><\/span><\/p>\n<p style=\"text-align: justify; padding-left: 30px;\"><span style=\"margin: 0px; font-family: 'Cambria','serif'; font-size: 10pt;\"><span style=\"color: #000000;\">Tr\u00e8s souvent, la symptomatologie douloureuse est progressive et se situe sur l&rsquo;avant-pied. La douleur est de type m\u00e9canique, et s&rsquo;accompagne de ph\u00e9nom\u00e8nes \u0153d\u00e9mateux bien visibles sur le dos du pied. Le repos apporte un soulagement tout au moins pendant la phase initiale. Les sympt\u00f4mes sont d&rsquo;abord reli\u00e9s aux activit\u00e9s physiques puis finissent par devenir invalidants dans la vie quotidienne avec apparition d&rsquo;une boiterie. Parfois, on retrouve un traumatisme mineur inaugural (appui sur un caillou avec des racers par exemple), m<\/span><\/span><img loading=\"lazy\" decoding=\"async\" src=\"file:\/\/\/C:\/Users\/thiflo\/AppData\/Local\/Temp\/msohtmlclip1\/01\/clip_image013.jpg\" alt=\"\" width=\"392\" height=\"142\" align=\"left\" hspace=\"16\" vspace=\"16\" \/><span style=\"margin: 0px; font-family: 'Cambria','serif'; font-size: 10pt;\"><span style=\"color: #000000;\">ais tr\u00e8s souvent la douleur appara\u00eet sans trauma initial.\u00a0<\/span><\/span><\/p>\n<p style=\"text-align: justify; padding-left: 30px;\">\n<p style=\"text-align: left;\"><span style=\"margin: 0px; color: #001f67; font-family: 'Cambria Bold Italic'; font-size: 10pt;\">b-La fracture du calcan\u00e9um<\/span><\/p>\n<p style=\"text-align: justify;\"><span style=\"margin: 0px; font-family: 'Cambria','serif'; font-size: 10pt;\"><span style=\"color: #000000;\">\u00a0\u00a0\u00a0\u00a0\u00a0\u00a0\u00a0\u00a0\u00a0\u00a0\u00a0\u00a0\u00a0\u00a0 <\/span><span style=\"color: #000000;\">Il est habituellement tr\u00e8s st\u00e9r\u00e9otyp\u00e9 et se traduit typiquement par un gonflement douloureux du talon qui survient dans les heures ou les jours qui suivent une activit\u00e9 inhabituelle (sortie longue, fractionn\u00e9 un peu long, &#8230;). Elle repr\u00e9sente 15% des fractures de fatigue du pied. L&rsquo;intensit\u00e9 et la vitesse d&rsquo;installation des sympt\u00f4mes sont variables. L\u2019oed\u00e8me, plus ou moins marqu\u00e9, int\u00e9resse l&rsquo;ensemble du talon et peut s&rsquo;appr\u00e9cier par la largeur de l&rsquo;arri\u00e8re-pied, mesur\u00e9e sur le ventre et surtout par l&#8217;emp\u00e2tement de la r\u00e9gion pr\u00e9-achill\u00e9enne, effa\u00e7ant les goutti\u00e8res r\u00e9tro-mall\u00e9olaires.<\/span><\/span><\/p>\n<p style=\"text-align: justify;\"><span style=\"margin: 0px; font-family: 'Cambria','serif'; font-size: 10pt;\"><span style=\"color: #000000;\">La douleur est d&#8217;embl\u00e9e suspect\u00e9e lorsque le patient marche en gardant le talon en l\u00e9g\u00e8re sur\u00e9l\u00e9vation pour ne pas toucher le sol. On la retrouve tr\u00e8s facilement \u00e0 la palpation du calcaneum, en particulier lors du pincement transversal bi-digital.<\/span><\/span><\/p>\n<p style=\"text-align: justify;\"><span style=\"margin: 0px; font-family: 'Cambria','serif'; font-size: 10pt;\"><span style=\"color: #000000;\">La percussion du calcan\u00e9um r\u00e9veille la douleur tout comme la marche sur les talons.<\/span><\/span><\/p>\n<p style=\"text-align: justify;\"><span style=\"margin: 0px; font-family: 'Cambria','serif'; font-size: 10pt;\"><span style=\"color: #000000;\">Pour \u00eatre s\u00fbr de ne pas passer \u00e0 c\u00f4t\u00e9 d\u2019une pathologie tendineuse achilll\u00e9enne, les tests d&rsquo;\u00e9tirement du triceps sont indolores, tout comme la marche sur pointe de pied. La palpation soigneuse du tendon d&rsquo;Achille permet en principe de l&rsquo;innocenter.<\/span><\/span><\/p>\n<p style=\"text-align: justify;\"><span style=\"margin: 0px; font-family: 'Cambria','serif'; font-size: 10pt;\"><span style=\"color: #000000;\">\u00a0<\/span><\/span><\/p>\n<p style=\"text-align: justify;\"><span style=\"margin: 0px; color: #ff2712; font-family: 'Cambria Bold Italic'; font-size: 10pt;\">&#8211;<span style=\"font: 7pt 'Times New Roman'; margin: 0px; font-size-adjust: none; font-stretch: normal;\">\u00a0 <\/span><\/span><span style=\"margin: 0px; color: #ff2712; font-family: 'Cambria Bold Italic'; font-size: 10pt;\">Hallux valgus<\/span><\/p>\n<p style=\"text-align: justify;\"><span style=\"margin: 0px; color: #ff2712; font-family: 'Cambria Bold Italic'; font-size: 10pt;\">\u00a0<a href=\"https:\/\/acb-athletisme.fr\/wp-content\/uploads\/2016\/12\/pied7.jpg\" rel=\"attachment wp-att-1032\"><img loading=\"lazy\" decoding=\"async\" class=\"wp-image-1032 alignleft\" src=\"https:\/\/acb-athletisme.fr\/wp-content\/uploads\/2016\/12\/pied7.jpg\" alt=\"pied7\" width=\"222\" height=\"80\" \/><\/a><\/span><span style=\"margin: 0px; color: #343434; font-family: 'Cambria','serif'; font-size: 10pt;\">Il s\u2019agit d\u2019une d\u00e9viation du gros orteil vers l\u2019ext\u00e9rieur, avec, fr\u00e9quemment, une pro\u00e9minence de la t\u00eate du premier m\u00e9tatarse (oignon). Cette voussure peut devenir inflammatoire par la bursite sous-jacente de la t\u00eate m\u00e9tatarsienne, ce qui accentue la bosse. Tr\u00e8s souvent elle oblige \u00e0 augmenter les tailles de chaussure lors de leurs achats.<\/span><\/p>\n<p style=\"text-align: justify;\"><span style=\"margin: 0px; color: #343434; font-family: 'Cambria','serif'; font-size: 10pt;\">\u00a0&#8211;<\/span><span style=\"margin: 0px; color: #ff2712; font-family: 'Cambria Bold Italic'; font-size: 10pt;\"><span style=\"font: 7pt 'Times New Roman'; margin: 0px; font-size-adjust: none; font-stretch: normal;\">\u00a0 <\/span><\/span><span style=\"margin: 0px; color: #ff2712; font-family: 'Cambria Bold Italic'; font-size: 10pt;\">D\u00e9rangement articulaire d\u2019un os du pied &#8211; Naviculaire, cuboide, Cun\u00e9s<\/span><\/p>\n<p style=\"text-align: justify;\"><span style=\"margin: 0px; font-family: 'Cambria','serif'; font-size: 10pt;\"><span style=\"color: #000000;\">\u00a0\u00a0\u00a0\u00a0\u00a0\u00a0\u00a0\u00a0\u00a0\u00a0\u00a0\u00a0\u00a0\u00a0 <\/span><span style=\"color: #000000;\">Ces troubles font partie de la partie importante de la consultation ost\u00e9opathique chez les coureurs. En effet, les chocs r\u00e9p\u00e9t\u00e9s li\u00e9s \u00e0 l\u2019impact au sol engendrent des petits troubles de la mobilit\u00e9 du pied, qui peuvent \u00eatre source de douleurs intenses. Le naviculaire, le cuboide et les cun\u00e9s sont les plus touch\u00e9s par ce genre de troubles. La mobilisation de ces os entra\u00eenent des douleurs et l\u2019on peut ressentir une sensation de blocage d\u2019un pied par rapport \u00e0 l\u2019autre. La radiographie sera n\u00e9gative et seul l\u2019examen clinique sera l\u2019examen de r\u00e9f\u00e9rence.<\/span><\/span><\/p>\n<p style=\"text-align: justify;\"><span style=\"margin: 0px; font-family: 'Cambria','serif'; font-size: 10pt;\"><span style=\"color: #000000;\">\u00a0<\/span><\/span><span style=\"margin: 0px; color: #ff2712; font-family: 'Cambria Bold Italic'; font-size: 10pt;\">&#8211; Le syndrome du canal tarsien<\/span><\/p>\n<p style=\"text-align: justify;\"><span style=\"margin: 0px; font-family: 'Cambria','serif'; font-size: 10pt;\"><span style=\"color: #000000;\">\u00a0\u00a0\u00a0\u00a0\u00a0\u00a0\u00a0\u00a0\u00a0\u00a0\u00a0\u00a0\u00a0\u00a0 <\/span><span style=\"color: #000000;\">Le syndrome du canal tarsien se manifeste par une douleur du type br\u00fblure, le long de la plante et dans tous les orteils, pouvant \u00eatre due \u00e0 la compression du nerf tibial post\u00e9rieur \u00e0 l\u2019int\u00e9rieur du tunnel fibro-osseux sous le r\u00e9tinaculum des fl\u00e9chisseurs de la cheville. La compression de ce nerf peut avoir plusieurs causes, les plus courantes \u00e9tant des irr\u00e9gularit\u00e9s osseuses, des fractures de cheville ou des luxations, des ganglions ou encore un mauvais chaussant.<\/span><\/span><\/p>\n<p style=\"text-align: justify;\"><span style=\"margin: 0px; font-family: 'Cambria','serif'; font-size: 10pt;\"><span style=\"color: #000000;\">On peut constater une perte de sensibilit\u00e9 dans les r\u00e9gions innerv\u00e9es par les nerfs plantaires externes et internes, ainsi qu\u2019une faiblesse et une paralysie des muscles du pied, en particulier les fl\u00e9chisseurs des orteils.<\/span><\/span><\/p>\n<p style=\"text-align: justify;\"><span style=\"margin: 0px; font-family: 'Cambria','serif'; font-size: 10pt;\"><span style=\"color: #000000;\">\u00a0<\/span><\/span><\/p>\n<p style=\"text-align: justify;\"><span lang=\"fr\" style=\"margin: 0px; color: windowtext; font-family: 'Times New Roman','serif'; font-size: 10pt;\">En conclusion, ne jamais n\u00e9gliger une douleur de pied au d\u00e9triment, un de d\u00e9velopper des douleurs ailleurs\u00a0 par ph\u00e9nom\u00e8ne de compensation(essuie glace, tendinite achill\u00e9enne, bursite rotulienne, sciatique &#8230;.) et de deux d\u2019aggraver votre probl\u00e8me primaire au pied. <\/span><\/p>\n<p style=\"text-align: right;\"><span lang=\"fr\" style=\"margin: 0px; color: windowtext; font-family: 'Times New Roman','serif'; font-size: 10pt;\">Bon run !<\/span><\/p>\n<p style=\"text-align: right;\"><span style=\"margin: 0px; color: #0000ff; font-family: 'Cambria Italic'; font-size: 9pt;\"><strong>Fabrice Bedin, Ost\u00e9opathe DO \u2013 Saint leu la for\u00eat (95320) <\/strong><\/span><\/p>\n","protected":false},"excerpt":{"rendered":"<p>En un mot, d\u00e8s qu\u2019une douleur inhabituelle du pied appara\u00eet CONSULTER. Je vais vous parler aujourd\u2019hui des douleurs de pied du coureur. Elles sont diverses et trouvent toutes des origines diff\u00e9rentes: sur-entra\u00eenement, post-course, changement de chaussures. Une chose est s\u00fbre, quand le pied commence \u00e0 faire mal\u00a0 c\u2019est l\u2019ensemble des jambes et du bassin qui &hellip; <a href=\"https:\/\/acb-athletisme.fr\/?p=1025\" class=\"more-link\">Continuer la lecture de <span class=\"screen-reader-text\">Prendre son pied sans se blesser<\/span>  <span class=\"meta-nav\">&rarr;<\/span><\/a><\/p>\n","protected":false},"author":1,"featured_media":0,"comment_status":"open","ping_status":"open","sticky":false,"template":"","format":"standard","meta":{"footnotes":""},"categories":[15,10],"tags":[118,120,119],"class_list":["post-1025","post","type-post","status-publish","format-standard","hentry","category-conseils","category-sante","tag-aponevrosite","tag-blessure","tag-pied"],"_links":{"self":[{"href":"https:\/\/acb-athletisme.fr\/index.php?rest_route=\/wp\/v2\/posts\/1025","targetHints":{"allow":["GET"]}}],"collection":[{"href":"https:\/\/acb-athletisme.fr\/index.php?rest_route=\/wp\/v2\/posts"}],"about":[{"href":"https:\/\/acb-athletisme.fr\/index.php?rest_route=\/wp\/v2\/types\/post"}],"author":[{"embeddable":true,"href":"https:\/\/acb-athletisme.fr\/index.php?rest_route=\/wp\/v2\/users\/1"}],"replies":[{"embeddable":true,"href":"https:\/\/acb-athletisme.fr\/index.php?rest_route=%2Fwp%2Fv2%2Fcomments&post=1025"}],"version-history":[{"count":1,"href":"https:\/\/acb-athletisme.fr\/index.php?rest_route=\/wp\/v2\/posts\/1025\/revisions"}],"predecessor-version":[{"id":1033,"href":"https:\/\/acb-athletisme.fr\/index.php?rest_route=\/wp\/v2\/posts\/1025\/revisions\/1033"}],"wp:attachment":[{"href":"https:\/\/acb-athletisme.fr\/index.php?rest_route=%2Fwp%2Fv2%2Fmedia&parent=1025"}],"wp:term":[{"taxonomy":"category","embeddable":true,"href":"https:\/\/acb-athletisme.fr\/index.php?rest_route=%2Fwp%2Fv2%2Fcategories&post=1025"},{"taxonomy":"post_tag","embeddable":true,"href":"https:\/\/acb-athletisme.fr\/index.php?rest_route=%2Fwp%2Fv2%2Ftags&post=1025"}],"curies":[{"name":"wp","href":"https:\/\/api.w.org\/{rel}","templated":true}]}}