{"id":1021,"date":"2016-12-11T17:16:29","date_gmt":"2016-12-11T16:16:29","guid":{"rendered":"https:\/\/acb-athletisme.fr\/?p=1021"},"modified":"2016-12-11T17:16:29","modified_gmt":"2016-12-11T16:16:29","slug":"test-de-petzl-reactik","status":"publish","type":"post","link":"https:\/\/acb-athletisme.fr\/?p=1021","title":{"rendered":"Test de la PETZL REACTIK +"},"content":{"rendered":"<p>Une nouveaut\u00e9 dans le monde des frontales.<a href=\"https:\/\/acb-athletisme.fr\/wp-content\/uploads\/2016\/12\/E95HMI-REACTIK_LowRes.jpeg\" rel=\"attachment wp-att-1022\"><img loading=\"lazy\" decoding=\"async\" class=\"wp-image-1022 aligncenter\" src=\"https:\/\/acb-athletisme.fr\/wp-content\/uploads\/2016\/12\/E95HMI-REACTIK_LowRes.jpeg\" alt=\"E95HMI-REACTIK_LowRes\" width=\"269\" height=\"178\" \/><\/a><\/p>\n<p style=\"text-align: justify;\">En effet, la marque PETZL se dote d\u2019un nouveau mod\u00e8le qui se connecte directement \u00e0 son smartphone par le biais du Bluetooth. A quoi cela peut il servir me direz-vous\u00a0? Tout simplement \u00e0 param\u00e9trer votre lampe en fonction de vos besoins.<\/p>\n<p style=\"text-align: justify;\">C\u2019est tr\u00e8s simple. Vous t\u00e9l\u00e9chargez l\u2019appli MY PETZL LIGHT sur l\u2019Apple store ou le Play store.<\/p>\n<p style=\"text-align: justify;\">Vous jummelez votre lampe \u00e0 votre t\u00e9l\u00e9phone et c\u2019est parti.<\/p>\n<p style=\"text-align: justify;\">Vous pouvez choisir l\u2019un des modes pr\u00e9-enregistr\u00e9s (Trekking, Trail running, Alpinisme, \u2026) ou param\u00e9trer vous-m\u00eame les diff\u00e9rents modes d\u2019\u00e9clairage.<\/p>\n<p style=\"text-align: justify;\">Pour ceux qui ont connu la NAO, vous aviez la m\u00eame possibilit\u00e9 de programmation avec votre PC\/MAC que maintenant avec votre smartphone.<\/p>\n<p style=\"text-align: justify;\">4 modes d\u2019\u00e9clairage s\u2019offrent \u00e0 vous\u00a0:<\/p>\n<ul style=\"text-align: justify;\">\n<li>Le c\u00e9l\u00e8bre mode REACTIVE LIGHTING qui adapte la luminosit\u00e9 de la lampe \u00e0 l\u2019environnement (diminution de l\u2019intensit\u00e9 lumineuse en ville par exemple, augmentation de la luminosit\u00e9 dans la nuit noire)<\/li>\n<li>Le mode CONSTANT LIGHTING. Luminosit\u00e9 constante<\/li>\n<li>Le RED LIGHTING. Lumi\u00e8re rouge pour la lecture ou le bivouac<\/li>\n<li>Le mode LIVE\u00a0: Mode o\u00f9 votre t\u00e9l\u00e9phone g\u00e8re instantan\u00e9ment l\u2019intensit\u00e9 lumineuse par simple d\u00e9placement du curseur sur l\u2019\u00e9cran de ce dernier.<\/li>\n<\/ul>\n<p style=\"text-align: justify;\">Chacun des 3 premiers modes dispose de 3 param\u00e9trages distincts\u00a0:<\/p>\n<ul style=\"text-align: justify;\">\n<li>Maximum autonomie \/ Standard \/ Puissance maximum<\/li>\n<\/ul>\n<p style=\"text-align: justify;\"><strong><em><u>Prise en Main\u00a0:<\/u><\/em><\/strong><\/p>\n<p style=\"text-align: justify;\">Il est tr\u00e8s appr\u00e9ciable d\u2019avoir une frontale sans batterie sur le bandeau arri\u00e8re. De ce fait, elle reste tr\u00e8s l\u00e9g\u00e8re \u00e0 porter (115g). Une fois le param\u00e9trage r\u00e9alis\u00e9, vous pouvez \u00e9teindre le bluetooth ou le laisser actif. La REACTIK est \u00e9quip\u00e9e de la bluetooth low energy qui permet de limiter la consommation du bluetooth.<\/p>\n<p style=\"text-align: justify;\">Sa puissance maximum est de 300 lumens, ce qui est largement suffisant pour une bonne visibilit\u00e9 nocturne. Ces faisceaux large, mixte ou focale sont aussi performants que sur la NAO. Elle est r\u00e9sistante aux projections dl\u2019eau (IPX4) et son bandeau est lavable et parfaitement ajustable.<\/p>\n<p style=\"text-align: justify;\">Sa recharge se fait par un c\u00e2ble USB et le temps de charge complet est d\u2019environ 4h. Son seul b\u00e9mol est son comportement dans le brouillard ou en cas de bruine. En effet, le syst\u00e8me REACTIVE devient un peu d\u00e9lirant ne pouvant plus calculer correctement la bonne luminosit\u00e9 \u00e0 apporter. Dans ce cas, il faut basculer en mode CONSTANT.<\/p>\n<p style=\"text-align: justify;\">Enfin son point fort est son prix. 89\u20ac pour une frontale aussi polyvalente est une bonne surprise.<\/p>\n<p style=\"text-align: justify;\">En conclusion, La REACTIK trouva son public pour ceux cherchant \u00e0 investir dans une bonne frontale un peu plus \u00e9labor\u00e9e qu\u2019une TIKKA mais moins on\u00e9reuse qu\u2019une NAO.<\/p>\n<p><strong><em><u>Performances d&rsquo;\u00e9clairage<\/u><\/em><\/strong><\/p>\n<table width=\"868\">\n<tbody>\n<tr>\n<td width=\"139\">Technologie d\u2019\u00e9clairage<\/td>\n<td width=\"120\">Couleur d&rsquo;\u00e9clairage<\/td>\n<td width=\"148\">Modes d\u2019\u00e9clairage<\/td>\n<td width=\"128\">Puissance d&rsquo;\u00e9clairage<\/td>\n<td width=\"128\">Distance d&rsquo;\u00e9clairage<\/td>\n<td width=\"117\">Autonomie<\/td>\n<td width=\"88\">Mode r\u00e9serve<\/td>\n<\/tr>\n<tr>\n<td rowspan=\"3\" width=\"139\">REACTIVE LIGHTING<\/td>\n<td rowspan=\"6\" width=\"120\">blanc<\/td>\n<td width=\"148\">MAX AUTONOMY<\/td>\n<td width=\"128\">80 lm<\/td>\n<td width=\"128\">70 m<\/td>\n<td width=\"117\">10 h<\/td>\n<td rowspan=\"6\" width=\"88\">15 lm pendant 2 h<\/td>\n<\/tr>\n<tr>\n<td width=\"148\">STANDARD<\/td>\n<td width=\"128\">170 lm<\/td>\n<td width=\"128\">90 m<\/td>\n<td width=\"117\">5 h<\/td>\n<\/tr>\n<tr>\n<td width=\"148\">MAX POWER<\/td>\n<td width=\"128\">300 lm<\/td>\n<td width=\"128\">110 m<\/td>\n<td width=\"117\">2h30<\/td>\n<\/tr>\n<tr>\n<td rowspan=\"5\" width=\"139\">CONSTANT LIGHTING<\/td>\n<td width=\"148\">proximit\u00e9<\/td>\n<td width=\"128\">30 lm<\/td>\n<td width=\"128\">35 m<\/td>\n<td width=\"117\">15 h<\/td>\n<\/tr>\n<tr>\n<td width=\"148\">d\u00e9placement<\/td>\n<td width=\"128\">100 lm<\/td>\n<td width=\"128\">70 m<\/td>\n<td width=\"117\">5 h<\/td>\n<\/tr>\n<tr>\n<td width=\"148\">d\u00e9placement rapide<\/td>\n<td width=\"128\">200 lm<\/td>\n<td width=\"128\">90 m<\/td>\n<td width=\"117\">2h30<\/td>\n<\/tr>\n<tr>\n<td rowspan=\"2\" width=\"120\">rouge<\/td>\n<td width=\"148\">proximit\u00e9<\/td>\n<td rowspan=\"2\" width=\"128\">2 lm<\/td>\n<td rowspan=\"2\" width=\"128\">8 m, visible \u00e0 1 km<\/td>\n<td width=\"117\">30 h<\/td>\n<td rowspan=\"2\" width=\"88\">&#8211;<\/td>\n<\/tr>\n<tr>\n<td width=\"148\">clignotant<\/td>\n<td width=\"117\">60 h<\/td>\n<\/tr>\n<\/tbody>\n<\/table>\n<p>Lm\u00a0: Lumen<\/p>\n<p><strong>Point +\u00a0:<\/strong><\/p>\n<ul>\n<li style=\"text-align: justify;\">Param\u00e9trage ais\u00e9 par le smartphone. Evite l\u2019utilisation d\u2019un ordinateur, et permet le r\u00e9ajustement des param\u00e8tres en cours de course<\/li>\n<li style=\"text-align: justify;\">Prix<\/li>\n<li style=\"text-align: justify;\">Autonomie<\/li>\n<\/ul>\n<p style=\"text-align: justify;\"><strong>Point &#8211;\u00a0:<\/strong><\/p>\n<ul>\n<li style=\"text-align: justify;\">Utilisation dans le brouillard, les nuages ou la bruine.<\/li>\n<li style=\"text-align: justify;\">Capacit\u00e9 limit\u00e9e pour un ultra-trail o\u00f9 il faudra passer 2 nuits \u00e0 l\u2019ext\u00e9rieur.<\/li>\n<li style=\"text-align: justify;\">Pas de possibilit\u00e9 de remplacer la batterie par des piles satndards.<\/li>\n<\/ul>\n<p style=\"text-align: justify;\"><strong>Note :<\/strong><\/p>\n<ul>\n<li style=\"text-align: justify;\">Stabilit\u00e9\u00a0pendant la course\u00a0: 4\/5<\/li>\n<li>Puissance\u00a0:\u00a0 3,5\/5<\/li>\n<li>Rapport puissance d\u00e9livr\u00e9e\/prix\u00a0: 4\/5<\/li>\n<li>Rapport poids de la lampe\/puissance\u00a0d\u00e9livr\u00e9e: 5\/<\/li>\n<\/ul>\n<p style=\"text-align: right;\"><span style=\"color: #0000ff;\"><strong>Fabrice Bedin, Ost\u00e9opathe DO &#8211; Saint leu la for\u00eat (95320) <\/strong><\/span><\/p>\n","protected":false},"excerpt":{"rendered":"<p>Une nouveaut\u00e9 dans le monde des frontales. En effet, la marque PETZL se dote d\u2019un nouveau mod\u00e8le qui se connecte directement \u00e0 son smartphone par le biais du Bluetooth. A quoi cela peut il servir me direz-vous\u00a0? Tout simplement \u00e0 param\u00e9trer votre lampe en fonction de vos besoins. C\u2019est tr\u00e8s simple. Vous t\u00e9l\u00e9chargez l\u2019appli MY &hellip; <a href=\"https:\/\/acb-athletisme.fr\/?p=1021\" class=\"more-link\">Continuer la lecture de <span class=\"screen-reader-text\">Test de la PETZL REACTIK +<\/span>  <span class=\"meta-nav\">&rarr;<\/span><\/a><\/p>\n","protected":false},"author":1,"featured_media":0,"comment_status":"open","ping_status":"open","sticky":false,"template":"","format":"standard","meta":{"footnotes":""},"categories":[15,51],"tags":[117,116,115,100],"class_list":["post-1021","post","type-post","status-publish","format-standard","hentry","category-conseils","category-technique","tag-frontale","tag-lampe","tag-materiel","tag-test"],"_links":{"self":[{"href":"https:\/\/acb-athletisme.fr\/index.php?rest_route=\/wp\/v2\/posts\/1021","targetHints":{"allow":["GET"]}}],"collection":[{"href":"https:\/\/acb-athletisme.fr\/index.php?rest_route=\/wp\/v2\/posts"}],"about":[{"href":"https:\/\/acb-athletisme.fr\/index.php?rest_route=\/wp\/v2\/types\/post"}],"author":[{"embeddable":true,"href":"https:\/\/acb-athletisme.fr\/index.php?rest_route=\/wp\/v2\/users\/1"}],"replies":[{"embeddable":true,"href":"https:\/\/acb-athletisme.fr\/index.php?rest_route=%2Fwp%2Fv2%2Fcomments&post=1021"}],"version-history":[{"count":1,"href":"https:\/\/acb-athletisme.fr\/index.php?rest_route=\/wp\/v2\/posts\/1021\/revisions"}],"predecessor-version":[{"id":1023,"href":"https:\/\/acb-athletisme.fr\/index.php?rest_route=\/wp\/v2\/posts\/1021\/revisions\/1023"}],"wp:attachment":[{"href":"https:\/\/acb-athletisme.fr\/index.php?rest_route=%2Fwp%2Fv2%2Fmedia&parent=1021"}],"wp:term":[{"taxonomy":"category","embeddable":true,"href":"https:\/\/acb-athletisme.fr\/index.php?rest_route=%2Fwp%2Fv2%2Fcategories&post=1021"},{"taxonomy":"post_tag","embeddable":true,"href":"https:\/\/acb-athletisme.fr\/index.php?rest_route=%2Fwp%2Fv2%2Ftags&post=1021"}],"curies":[{"name":"wp","href":"https:\/\/api.w.org\/{rel}","templated":true}]}}