{"id":1019,"date":"2016-12-09T13:06:57","date_gmt":"2016-12-09T12:06:57","guid":{"rendered":"https:\/\/acb-athletisme.fr\/?p=1019"},"modified":"2016-12-09T13:06:57","modified_gmt":"2016-12-09T12:06:57","slug":"vacances-fin-dannee","status":"publish","type":"post","link":"https:\/\/acb-athletisme.fr\/?p=1019","title":{"rendered":"Vacances Fin d&rsquo;ann\u00e9e"},"content":{"rendered":"<p><a href=\"https:\/\/acb-athletisme.fr\/wp-content\/uploads\/2016\/04\/maxresdefault.jpg\" rel=\"attachment wp-att-593\"><img loading=\"lazy\" decoding=\"async\" class=\"alignnone size-full wp-image-593\" src=\"https:\/\/acb-athletisme.fr\/wp-content\/uploads\/2016\/04\/maxresdefault.jpg\" alt=\"maxresdefault\" width=\"1680\" height=\"1050\" srcset=\"https:\/\/acb-athletisme.fr\/wp-content\/uploads\/2016\/04\/maxresdefault.jpg 1680w, https:\/\/acb-athletisme.fr\/wp-content\/uploads\/2016\/04\/maxresdefault-150x94.jpg 150w, https:\/\/acb-athletisme.fr\/wp-content\/uploads\/2016\/04\/maxresdefault-300x188.jpg 300w, https:\/\/acb-athletisme.fr\/wp-content\/uploads\/2016\/04\/maxresdefault-1024x640.jpg 1024w\" sizes=\"auto, (max-width: 1680px) 100vw, 1680px\" \/><\/a><\/p>\n<p style=\"text-align: center;\"><strong>bonjour \u00e0 tous,<\/strong><\/p>\n<p style=\"text-align: center;\"><strong>Le stade sera ferm\u00e9 pendant les vacances de Noel :<\/strong><\/p>\n<p style=\"text-align: center;\"><strong>derni\u00e8re s\u00e9ance d&rsquo;entrainement pour\u00a0 2016 le jeudi 15 d\u00e9cembre<\/strong><\/p>\n<p style=\"text-align: center;\"><strong>premi\u00e8re s\u00e9ance d&rsquo;entrainement en 2017 le mardi 3 Janvier .<\/strong><\/p>\n<p style=\"text-align: center;\"><strong>S\u00e9bastien<\/strong><\/p>\n","protected":false},"excerpt":{"rendered":"<p>bonjour \u00e0 tous, Le stade sera ferm\u00e9 pendant les vacances de Noel : derni\u00e8re s\u00e9ance d&rsquo;entrainement pour\u00a0 2016 le jeudi 15 d\u00e9cembre premi\u00e8re s\u00e9ance d&rsquo;entrainement en 2017 le mardi 3 Janvier . S\u00e9bastien<\/p>\n","protected":false},"author":1,"featured_media":0,"comment_status":"open","ping_status":"open","sticky":false,"template":"","format":"standard","meta":{"footnotes":""},"categories":[36],"tags":[],"class_list":["post-1019","post","type-post","status-publish","format-standard","hentry","category-actualite"],"_links":{"self":[{"href":"https:\/\/acb-athletisme.fr\/index.php?rest_route=\/wp\/v2\/posts\/1019","targetHints":{"allow":["GET"]}}],"collection":[{"href":"https:\/\/acb-athletisme.fr\/index.php?rest_route=\/wp\/v2\/posts"}],"about":[{"href":"https:\/\/acb-athletisme.fr\/index.php?rest_route=\/wp\/v2\/types\/post"}],"author":[{"embeddable":true,"href":"https:\/\/acb-athletisme.fr\/index.php?rest_route=\/wp\/v2\/users\/1"}],"replies":[{"embeddable":true,"href":"https:\/\/acb-athletisme.fr\/index.php?rest_route=%2Fwp%2Fv2%2Fcomments&post=1019"}],"version-history":[{"count":1,"href":"https:\/\/acb-athletisme.fr\/index.php?rest_route=\/wp\/v2\/posts\/1019\/revisions"}],"predecessor-version":[{"id":1020,"href":"https:\/\/acb-athletisme.fr\/index.php?rest_route=\/wp\/v2\/posts\/1019\/revisions\/1020"}],"wp:attachment":[{"href":"https:\/\/acb-athletisme.fr\/index.php?rest_route=%2Fwp%2Fv2%2Fmedia&parent=1019"}],"wp:term":[{"taxonomy":"category","embeddable":true,"href":"https:\/\/acb-athletisme.fr\/index.php?rest_route=%2Fwp%2Fv2%2Fcategories&post=1019"},{"taxonomy":"post_tag","embeddable":true,"href":"https:\/\/acb-athletisme.fr\/index.php?rest_route=%2Fwp%2Fv2%2Ftags&post=1019"}],"curies":[{"name":"wp","href":"https:\/\/api.w.org\/{rel}","templated":true}]}}