{"id":1011,"date":"2016-12-06T00:26:50","date_gmt":"2016-12-05T23:26:50","guid":{"rendered":"https:\/\/acb-athletisme.fr\/?p=1011"},"modified":"2016-12-06T15:26:16","modified_gmt":"2016-12-06T14:26:16","slug":"berges-de-conflans-2016","status":"publish","type":"post","link":"https:\/\/acb-athletisme.fr\/?p=1011","title":{"rendered":"Les Berges de Conflans 2016"},"content":{"rendered":"<p style=\"text-align: justify;\">L&rsquo;AC Beauchamp \u00e9tait une nouvelle fois bien repr\u00e9sent\u00e9\u00a0pour cette\u00a0sortie devenue culte, avec 11 participants r\u00e9partis sur le 5 et le 15 km.<\/p>\n<p style=\"text-align: justify;\">Temps frais (n\u00e9cessitant le port des gants) mais ensoleill\u00e9. Le temps de donner quelques conseils \u00e0 Agn\u00e8s et Nath qui inauguraient leur premier 15 km, de s&rsquo;\u00e9chauffer et le d\u00e9part \u00e9tait donn\u00e9 \u00e0 14h pile.<\/p>\n<p style=\"text-align: justify;\">Les premiers kilo sont tr\u00e8s roulants mais d\u00e8s le 5e km voici les marches qui nous m\u00e8nent\u00a0jusque devant le mus\u00e9e de la Batellerie. Le 8e km marque la confluence\u00a0de la Seine et de l&rsquo;Oise et le changement de direction avec le retour vers le stade mais cette fois avec un vent de face. On prend une profonde respiration avant d&rsquo;attaquer la derni\u00e8re difficult\u00e9 tant redout\u00e9e, la Sente des Laveuses et ses 16%. Les 3 derniers km, c&rsquo;est le moment de donner tout ce qui reste d&rsquo;\u00e9nergie (en ayant\u00a0en t\u00eate le chrono \u00e9tabli en 2015 par\u00a0Bruno).<\/p>\n<p style=\"text-align: justify;\">R\u00e9sultat des courses : Notre Seb se hisse sur la plus haute marche de sa cat\u00e9gorie sur le 5km en 21&rsquo;57\u00a0\u00bb (\u00e7a s&rsquo;arrose !).<\/p>\n<p style=\"text-align: justify;\">Nos 2 jumelles signent un super chrono en 1h30&rsquo;31\u00a0\u00bb. Nul doute qu&rsquo;elles renouvelleront l&rsquo;exp\u00e9rience.<\/p>\n<p style=\"text-align: justify;\">Les autres participants : Patrice, Georges, C\u00e9dric, Bill, Jean-Marc, Didier, Fallou\u00a0et Stef<\/p>\n<p><img loading=\"lazy\" decoding=\"async\" class=\"alignnone wp-image-1013 size-full\" src=\"https:\/\/acb-athletisme.fr\/wp-content\/uploads\/2016\/12\/Conflans-2016.jpg\" alt=\"Conflans-2016\" width=\"2988\" height=\"5312\" \/><\/p>\n","protected":false},"excerpt":{"rendered":"<p>L&rsquo;AC Beauchamp \u00e9tait une nouvelle fois bien repr\u00e9sent\u00e9\u00a0pour cette\u00a0sortie devenue culte, avec 11 participants r\u00e9partis sur le 5 et le 15 km. Temps frais (n\u00e9cessitant le port des gants) mais ensoleill\u00e9. Le temps de donner quelques conseils \u00e0 Agn\u00e8s et Nath qui inauguraient leur premier 15 km, de s&rsquo;\u00e9chauffer et le d\u00e9part \u00e9tait donn\u00e9 \u00e0 &hellip; <a href=\"https:\/\/acb-athletisme.fr\/?p=1011\" class=\"more-link\">Continuer la lecture de <span class=\"screen-reader-text\">Les Berges de Conflans 2016<\/span>  <span class=\"meta-nav\">&rarr;<\/span><\/a><\/p>\n","protected":false},"author":1,"featured_media":0,"comment_status":"open","ping_status":"open","sticky":false,"template":"","format":"standard","meta":{"footnotes":""},"categories":[70],"tags":[],"class_list":["post-1011","post","type-post","status-publish","format-standard","hentry","category-recitroute"],"_links":{"self":[{"href":"https:\/\/acb-athletisme.fr\/index.php?rest_route=\/wp\/v2\/posts\/1011","targetHints":{"allow":["GET"]}}],"collection":[{"href":"https:\/\/acb-athletisme.fr\/index.php?rest_route=\/wp\/v2\/posts"}],"about":[{"href":"https:\/\/acb-athletisme.fr\/index.php?rest_route=\/wp\/v2\/types\/post"}],"author":[{"embeddable":true,"href":"https:\/\/acb-athletisme.fr\/index.php?rest_route=\/wp\/v2\/users\/1"}],"replies":[{"embeddable":true,"href":"https:\/\/acb-athletisme.fr\/index.php?rest_route=%2Fwp%2Fv2%2Fcomments&post=1011"}],"version-history":[{"count":6,"href":"https:\/\/acb-athletisme.fr\/index.php?rest_route=\/wp\/v2\/posts\/1011\/revisions"}],"predecessor-version":[{"id":1018,"href":"https:\/\/acb-athletisme.fr\/index.php?rest_route=\/wp\/v2\/posts\/1011\/revisions\/1018"}],"wp:attachment":[{"href":"https:\/\/acb-athletisme.fr\/index.php?rest_route=%2Fwp%2Fv2%2Fmedia&parent=1011"}],"wp:term":[{"taxonomy":"category","embeddable":true,"href":"https:\/\/acb-athletisme.fr\/index.php?rest_route=%2Fwp%2Fv2%2Fcategories&post=1011"},{"taxonomy":"post_tag","embeddable":true,"href":"https:\/\/acb-athletisme.fr\/index.php?rest_route=%2Fwp%2Fv2%2Ftags&post=1011"}],"curies":[{"name":"wp","href":"https:\/\/api.w.org\/{rel}","templated":true}]}}